{"id":1010,"date":"2014-06-03T20:00:29","date_gmt":"2014-06-03T20:00:29","guid":{"rendered":"http:\/\/k-t-m.ch\/MX\/wordpress\/?p=1010"},"modified":"2014-06-03T20:00:29","modified_gmt":"2014-06-03T20:00:29","slug":"rennbericht-mxrs-stuesslingen","status":"publish","type":"post","link":"http:\/\/k-t-m.ch\/MX\/wordpress\/rennbericht-mxrs-stuesslingen\/","title":{"rendered":"Rennbericht MXRS St\u00fcsslingen"},"content":{"rendered":"<p>An diesem Weekend stand das Rennen in St\u00fcsslingen auf dem Programm. Wir reisten wie gewohnt am Freitagabend an und richteten uns ein. Bald schon kamen auch die BleikerBros die sich zu uns gesellten und wir eine sch\u00f6ne Zeltstatt errichteten.<\/p>\n<p>Am Morgen wie gew\u00f6hnt sch\u00f6n gem\u00fctlich um 10 Uhr ins Training. Kimi kam gut zurecht und wurde bei starker Konkurrenz guter dritter. Travis konnte w\u00e4rend dem ganzen Training Jonas Badertscher hinter sich lassen und war dementsprechend gl\u00fccklich nach dem Training. Doch wir waren ziemlich sicher, dass dies nicht der gleiche Jonas war, wie er dann in den L\u00e4ufen auftreten wird.<\/p>\n<p>Kimi ist im Moment bei den Starts immer Top mit dabei. An diesem Wochenende konnte er zwei Starts von vier L\u00e4ufen f\u00fcr sich entscheiden. Im einten Lauf konnte er sogar fast zwei Runden in F\u00fchrung die schwierige Strecke rocken. Das war ein Mega geiles Gef\u00fchl meinte Kimi nach dem Lauf.<\/p>\n<p>Die Laufresultate: 1. Tag: 3. Platz und 5. Nach Sturz in der zweiten Kurve = Platz 4<\/p>\n<p>2. Tag: 3. Platz und 6. Platz nach Sturz im Zweikampf = Platz 4<\/p>\n<p>Travis wurde dann wie erwartet hinter Jonas zweiter. Aber Kompliment an ihn. Es geht seit dem Trainingslager schon ziemlich sch\u00f6n vorw\u00e4rts und die Tatsache, dass im MXRS die 65er mit den 50er zusammen fahren, kommt ihm am meisten zu nutzen. So hat er immer langsame 65 Fahrer in seiner Region mit denen er fighten kann.<\/p>\n<p>Die Laufresultate: 1. Tag: 2. Platz und 2. Platz = 2<\/p>\n<p>2. Tag: 2. Platz und 2. Platz = 2<\/p>\n<p>Am n\u00e4chsten Weekend geht\u2019s dann vermutlich nach Emmingen. Dort warten mit Elsener und K\u00fcndig wieder zwei starke Gegner auf Kimi und auch Joel Stierli wird vor Ort sein. Aufgepasst, wenn\u2019s dem passt ist er sauschnell.<\/p>\n<p>Wir w\u00fcnschen Fabio Artho gute Besserung und hoffen, dass er bald wieder auftaucht\u2026<\/p>\n<p><img loading=\"lazy\" class=\"alignnone size-medium wp-image-1011\" src=\"http:\/\/k-t-m.ch\/MX\/wordpress\/wp-content\/uploads\/2014\/06\/Foto-1-300x225.jpg\" alt=\"Foto 1\" width=\"300\" height=\"225\" srcset=\"http:\/\/k-t-m.ch\/MX\/wordpress\/wp-content\/uploads\/2014\/06\/Foto-1-300x225.jpg 300w, http:\/\/k-t-m.ch\/MX\/wordpress\/wp-content\/uploads\/2014\/06\/Foto-1-1024x768.jpg 1024w, http:\/\/k-t-m.ch\/MX\/wordpress\/wp-content\/uploads\/2014\/06\/Foto-1.jpg 1632w\" sizes=\"(max-width: 300px) 100vw, 300px\" \/> <img loading=\"lazy\" class=\"alignnone wp-image-1012 size-medium\" src=\"http:\/\/k-t-m.ch\/MX\/wordpress\/wp-content\/uploads\/2014\/06\/Foto-2-300x225.jpg\" alt=\"Foto 2\" width=\"300\" height=\"225\" srcset=\"http:\/\/k-t-m.ch\/MX\/wordpress\/wp-content\/uploads\/2014\/06\/Foto-2-300x225.jpg 300w, http:\/\/k-t-m.ch\/MX\/wordpress\/wp-content\/uploads\/2014\/06\/Foto-2-1024x768.jpg 1024w, http:\/\/k-t-m.ch\/MX\/wordpress\/wp-content\/uploads\/2014\/06\/Foto-2.jpg 1632w\" sizes=\"(max-width: 300px) 100vw, 300px\" \/><\/p>\n","protected":false},"excerpt":{"rendered":"<p>An diesem Weekend stand das Rennen in St\u00fcsslingen auf dem Programm. Wir reisten wie gewohnt am Freitagabend an und richteten uns ein. Bald schon kamen auch die BleikerBros die sich zu uns gesellten und wir eine sch\u00f6ne Zeltstatt errichteten. Am Morgen wie gew\u00f6hnt sch\u00f6n gem\u00fctlich um 10 Uhr ins Training. Kimi kam gut zurecht und &hellip; <a href=\"http:\/\/k-t-m.ch\/MX\/wordpress\/rennbericht-mxrs-stuesslingen\/\" class=\"more-link\"><span class=\"screen-reader-text\">Rennbericht MXRS St\u00fcsslingen<\/span> weiterlesen <span class=\"meta-nav\">&rarr;<\/span><\/a><\/p>\n","protected":false},"author":1,"featured_media":0,"comment_status":"closed","ping_status":"open","sticky":false,"template":"","format":"standard","meta":[],"categories":[10,13,20,18],"tags":[],"_links":{"self":[{"href":"http:\/\/k-t-m.ch\/MX\/wordpress\/wp-json\/wp\/v2\/posts\/1010"}],"collection":[{"href":"http:\/\/k-t-m.ch\/MX\/wordpress\/wp-json\/wp\/v2\/posts"}],"about":[{"href":"http:\/\/k-t-m.ch\/MX\/wordpress\/wp-json\/wp\/v2\/types\/post"}],"author":[{"embeddable":true,"href":"http:\/\/k-t-m.ch\/MX\/wordpress\/wp-json\/wp\/v2\/users\/1"}],"replies":[{"embeddable":true,"href":"http:\/\/k-t-m.ch\/MX\/wordpress\/wp-json\/wp\/v2\/comments?post=1010"}],"version-history":[{"count":1,"href":"http:\/\/k-t-m.ch\/MX\/wordpress\/wp-json\/wp\/v2\/posts\/1010\/revisions"}],"predecessor-version":[{"id":1013,"href":"http:\/\/k-t-m.ch\/MX\/wordpress\/wp-json\/wp\/v2\/posts\/1010\/revisions\/1013"}],"wp:attachment":[{"href":"http:\/\/k-t-m.ch\/MX\/wordpress\/wp-json\/wp\/v2\/media?parent=1010"}],"wp:term":[{"taxonomy":"category","embeddable":true,"href":"http:\/\/k-t-m.ch\/MX\/wordpress\/wp-json\/wp\/v2\/categories?post=1010"},{"taxonomy":"post_tag","embeddable":true,"href":"http:\/\/k-t-m.ch\/MX\/wordpress\/wp-json\/wp\/v2\/tags?post=1010"}],"curies":[{"name":"wp","href":"https:\/\/api.w.org\/{rel}","templated":true}]}}