{"id":1040,"date":"2014-07-09T20:59:39","date_gmt":"2014-07-09T20:59:39","guid":{"rendered":"http:\/\/k-t-m.ch\/MX\/wordpress\/?p=1040"},"modified":"2014-07-09T20:59:39","modified_gmt":"2014-07-09T20:59:39","slug":"bald-gehts-los-2","status":"publish","type":"post","link":"http:\/\/k-t-m.ch\/MX\/wordpress\/bald-gehts-los-2\/","title":{"rendered":"Bald gehts los"},"content":{"rendered":"<p>So, die Fahrzeuge sind beladen und die Anspannung steigt langsam. Morgen starten wir zu unserem Ferientripp inkl. drei Internationalen Rennen. An diesem Wochenende starten wir in Commercy am MX-Masters Kids. Gem\u00e4ss Ausschreibung hat es \u00fcber 720 Kinder von 5 bis 20 Jahren aus 27 Nationen. Das wird sicher eine Mega-Event. Vielen dank an D\u00f6rig AG aus Oberegg f\u00fcr die Startgeld\u00fcbernahme.<\/p>\n<p>Weiter geht\u00a0 es dann nach Mol auf den Zeltplatz. Dort k\u00f6nnen wir im Umkreis von 45 Minuten auf 4 Strecken trainieren wovon Lommel nur 10 Minuten entfernt ist.<\/p>\n<p>Am Wochenende dann reisen wir weiter nach Holland wo die IMBA (International Motorbund f\u00fcr Amateure) eine Jugendveranstaltung abh\u00e4lt. Die Nationalleibchen sind bereits hergestellt und die Sandige Strecke in Venray ist sicher was ganz spezielles.<\/p>\n<p>Am Montag geht es dann wieder zur\u00fcck nach Belgien. In Genk findet am belgischen Nationalfeiertag der Event von Stefan Everts statt. EvertsAndFriends sind wir schon im letzten Jahr gefahren und die angek\u00fcndigten Stars, unter anderem Ricky Carmichael und Jeff Emig versprechen viel Spannung. Kimi f\u00e4hrt dort in der Lizenzierten 65er Klasse unter anderem gegen Carl Ostermann der im deutschen als grosse Nachwuchshoffnung gilt. Travis f\u00e4hrt in der Kids-Klasse zwei Demo-L\u00e4ufe.<\/p>\n<p>Und wenn&#8217;s denn no passt, dann gits uf\u00e4m Heiweg no \u00e4n Stop im\u00e4n\u00e4 Schumgumipool.<\/p>\n<p>Dr\u00fcckt die Daumen dass alles gut geht und das Material das ganze \u00fcbersteht&#8230;<\/p>\n","protected":false},"excerpt":{"rendered":"<p>So, die Fahrzeuge sind beladen und die Anspannung steigt langsam. Morgen starten wir zu unserem Ferientripp inkl. drei Internationalen Rennen. An diesem Wochenende starten wir in Commercy am MX-Masters Kids. Gem\u00e4ss Ausschreibung hat es \u00fcber 720 Kinder von 5 bis 20 Jahren aus 27 Nationen. Das wird sicher eine Mega-Event. Vielen dank an D\u00f6rig AG &hellip; <a href=\"http:\/\/k-t-m.ch\/MX\/wordpress\/bald-gehts-los-2\/\" class=\"more-link\"><span class=\"screen-reader-text\">Bald gehts los<\/span> weiterlesen <span class=\"meta-nav\">&rarr;<\/span><\/a><\/p>\n","protected":false},"author":1,"featured_media":0,"comment_status":"closed","ping_status":"open","sticky":false,"template":"","format":"standard","meta":[],"categories":[1,13,18],"tags":[],"_links":{"self":[{"href":"http:\/\/k-t-m.ch\/MX\/wordpress\/wp-json\/wp\/v2\/posts\/1040"}],"collection":[{"href":"http:\/\/k-t-m.ch\/MX\/wordpress\/wp-json\/wp\/v2\/posts"}],"about":[{"href":"http:\/\/k-t-m.ch\/MX\/wordpress\/wp-json\/wp\/v2\/types\/post"}],"author":[{"embeddable":true,"href":"http:\/\/k-t-m.ch\/MX\/wordpress\/wp-json\/wp\/v2\/users\/1"}],"replies":[{"embeddable":true,"href":"http:\/\/k-t-m.ch\/MX\/wordpress\/wp-json\/wp\/v2\/comments?post=1040"}],"version-history":[{"count":1,"href":"http:\/\/k-t-m.ch\/MX\/wordpress\/wp-json\/wp\/v2\/posts\/1040\/revisions"}],"predecessor-version":[{"id":1041,"href":"http:\/\/k-t-m.ch\/MX\/wordpress\/wp-json\/wp\/v2\/posts\/1040\/revisions\/1041"}],"wp:attachment":[{"href":"http:\/\/k-t-m.ch\/MX\/wordpress\/wp-json\/wp\/v2\/media?parent=1040"}],"wp:term":[{"taxonomy":"category","embeddable":true,"href":"http:\/\/k-t-m.ch\/MX\/wordpress\/wp-json\/wp\/v2\/categories?post=1040"},{"taxonomy":"post_tag","embeddable":true,"href":"http:\/\/k-t-m.ch\/MX\/wordpress\/wp-json\/wp\/v2\/tags?post=1040"}],"curies":[{"name":"wp","href":"https:\/\/api.w.org\/{rel}","templated":true}]}}