{"id":1049,"date":"2014-07-28T19:33:03","date_gmt":"2014-07-28T19:33:03","guid":{"rendered":"http:\/\/k-t-m.ch\/MX\/wordpress\/?p=1049"},"modified":"2014-07-28T19:35:28","modified_gmt":"2014-07-28T19:35:28","slug":"rennbericht-mxrs-obbuergen","status":"publish","type":"post","link":"http:\/\/k-t-m.ch\/MX\/wordpress\/rennbericht-mxrs-obbuergen\/","title":{"rendered":"Rennbericht MXRS Obb\u00fcrgen"},"content":{"rendered":"<p>An diesem Wochenende ging es f\u00fcr uns als Ferienabschluss nach Obb\u00fcrgen im Kanton Niedwalden an ein weiteres MXRS-Rennen. Der Wetterbericht versprach nichts Gutes und so kam es dann auch, dass die Veranstaltung f\u00fcr die J\u00fcngsten bereits nach dem Training auf der sehr schwierig zu fahrenden Strecke wieder vorbei war. Doch Kimi bewies ein weiteres Mal seine Schlammst\u00e4rken und gewann das Training mit \u00fcber 4 Sekunden Vorsprung. Auch seine Zweitschnellste Runde w\u00fcrde noch \u00fcber 1 Sekunde Platz lassen zum zweiten. \u00a0Die Grossen konnten auch nur ein Lauf fahren und man hoffte dann auf Sonntag.<\/p>\n<p><img loading=\"lazy\" class=\"alignnone  wp-image-1050\" src=\"http:\/\/k-t-m.ch\/MX\/wordpress\/wp-content\/uploads\/2014\/07\/Foto-1-300x225.jpg\" alt=\"Foto 1\" width=\"463\" height=\"347\" srcset=\"http:\/\/k-t-m.ch\/MX\/wordpress\/wp-content\/uploads\/2014\/07\/Foto-1-300x225.jpg 300w, http:\/\/k-t-m.ch\/MX\/wordpress\/wp-content\/uploads\/2014\/07\/Foto-1.jpg 640w\" sizes=\"(max-width: 463px) 100vw, 463px\" \/><\/p>\n<p>Am Sonntag war es dann zwar trocken, aber nicht wirklich einfacher zum Fahren. Nur eine kleine Gasse und wenig \u00dcberholm\u00f6glichkeiten machten es den Fahrern nicht einfach. Kimi hatte einen super Start und konnte sich die Holeshot-Pr\u00e4mie vom Papi Artho \u00fcberreichen lassen. Vielen Dank f\u00fcr diese Geste. Kimi liess sich durch nichts beirren. Seine Konkurrenten hinter ihm schlossen zwar immer wieder zu ihm auf, st\u00fcrzten aber sobald sie in Schlagdistanz waren und Kimi zog souver\u00e4n seine Runden. Start-Ziel Sieg im ersten Lauf und ein arg strapaziertes Nervenkostum von Sandra und mir. Auch Travis hatte einen super ersten Lauf und konnte sich ebenfalls den Sieg bei den kleinsten sichern.<\/p>\n<p><img loading=\"lazy\" class=\"alignnone  wp-image-1051\" src=\"http:\/\/k-t-m.ch\/MX\/wordpress\/wp-content\/uploads\/2014\/07\/Foto-2-300x225.jpg\" alt=\"Foto 2\" width=\"412\" height=\"309\" srcset=\"http:\/\/k-t-m.ch\/MX\/wordpress\/wp-content\/uploads\/2014\/07\/Foto-2-300x225.jpg 300w, http:\/\/k-t-m.ch\/MX\/wordpress\/wp-content\/uploads\/2014\/07\/Foto-2.jpg 640w\" sizes=\"(max-width: 412px) 100vw, 412px\" \/><\/p>\n<p>Nun ging es zum zweiten Lauf und durch das versp\u00e4tete anfangen am Morgen war es mittlerweile schon mehr als sechs Uhr am Abend. Zum Gl\u00fcck haben die Jungs noch Ferien. Der Start verlief nicht schlecht. Kimi kam hinter Power-Bike.ch Teamkollege Madox als zweiter aus dem ersten Bogen und konnte bald die F\u00fchrung wieder \u00fcbernehmen. Doch Luan K\u00fcndig war diesmal angriffiger unterwegs und \u00fcberholte ihn in der zweiten Runde. Kimi fuhr allgemein etwas zaghaft. Die Leichtigkeit aus dem ersten Lauf war nicht mehr da. Genau zu sagen warum ist immer schwierig aber Kimi sah bei den Super-Race einen ziemlich heftigen Abflug von Luca Bruggmann. Vielleicht war das etwas zu tief in seinem Hinterkopf. Erschwerend kam dann auch noch ein Sturz zur Rennh\u00e4lfte wobei er seine Bollhalder-KTM kaum mehr aus dem Schlamm brachte. Er holte dann wieder auf und fuhr an vierter Stelle jedoch kam er sehr stark unter Druck vom Levi Chanton. Leider st\u00fcrzte dann bei der Zieleinfahrt eine \u00fcberrundete Fahrerin so ungl\u00fccklich, dass sie Kimi stoppte und Levi sich vier Meter vor dem Ziel noch den vierten Platz schnappte. Im ersten Moment war f\u00fcr mich klar, dass der Pokal nun weg ist. Doch einmal pro Tag darf auch Kimi Gl\u00fcck haben und konnte sich als dritter aufs Podest stellen. Vor ihm wahren noch Andrich und Emmenegger. Travis hatte seine Konkurrenten wieder komplett im Griff und fuhr inmitten der 65-Fahrer seinen zweiten Laufsieg heim. Dies bedeutet Sieg und Platz 2 in der Meisterschaft. Toll gemacht Jungs.<\/p>\n<p>N\u00e4chstes Weekend geht\u2019s dann bereits weiter in der MXRS-Serie im Luzernischen Rickenbach. See you on the Track.<\/p>\n<p><img loading=\"lazy\" class=\"alignnone size-medium wp-image-1053\" src=\"http:\/\/k-t-m.ch\/MX\/wordpress\/wp-content\/uploads\/2014\/07\/Foto-4-e1406575836441-225x300.jpg\" alt=\"Foto 4\" width=\"225\" height=\"300\" srcset=\"http:\/\/k-t-m.ch\/MX\/wordpress\/wp-content\/uploads\/2014\/07\/Foto-4-e1406575836441-225x300.jpg 225w, http:\/\/k-t-m.ch\/MX\/wordpress\/wp-content\/uploads\/2014\/07\/Foto-4-e1406575836441.jpg 480w\" sizes=\"(max-width: 225px) 100vw, 225px\" \/>\u00a0\u00a0\u00a0\u00a0\u00a0\u00a0 <img loading=\"lazy\" class=\"alignnone size-medium wp-image-1052\" src=\"http:\/\/k-t-m.ch\/MX\/wordpress\/wp-content\/uploads\/2014\/07\/Foto-3-e1406575826314-225x300.jpg\" alt=\"Foto 3\" width=\"225\" height=\"300\" srcset=\"http:\/\/k-t-m.ch\/MX\/wordpress\/wp-content\/uploads\/2014\/07\/Foto-3-e1406575826314-225x300.jpg 225w, http:\/\/k-t-m.ch\/MX\/wordpress\/wp-content\/uploads\/2014\/07\/Foto-3-e1406575826314.jpg 480w\" sizes=\"(max-width: 225px) 100vw, 225px\" \/><\/p>\n","protected":false},"excerpt":{"rendered":"<p>An diesem Wochenende ging es f\u00fcr uns als Ferienabschluss nach Obb\u00fcrgen im Kanton Niedwalden an ein weiteres MXRS-Rennen. Der Wetterbericht versprach nichts Gutes und so kam es dann auch, dass die Veranstaltung f\u00fcr die J\u00fcngsten bereits nach dem Training auf der sehr schwierig zu fahrenden Strecke wieder vorbei war. Doch Kimi bewies ein weiteres Mal &hellip; <a href=\"http:\/\/k-t-m.ch\/MX\/wordpress\/rennbericht-mxrs-obbuergen\/\" class=\"more-link\"><span class=\"screen-reader-text\">Rennbericht MXRS Obb\u00fcrgen<\/span> weiterlesen <span class=\"meta-nav\">&rarr;<\/span><\/a><\/p>\n","protected":false},"author":1,"featured_media":0,"comment_status":"closed","ping_status":"open","sticky":false,"template":"","format":"standard","meta":[],"categories":[10,13,20,18],"tags":[],"_links":{"self":[{"href":"http:\/\/k-t-m.ch\/MX\/wordpress\/wp-json\/wp\/v2\/posts\/1049"}],"collection":[{"href":"http:\/\/k-t-m.ch\/MX\/wordpress\/wp-json\/wp\/v2\/posts"}],"about":[{"href":"http:\/\/k-t-m.ch\/MX\/wordpress\/wp-json\/wp\/v2\/types\/post"}],"author":[{"embeddable":true,"href":"http:\/\/k-t-m.ch\/MX\/wordpress\/wp-json\/wp\/v2\/users\/1"}],"replies":[{"embeddable":true,"href":"http:\/\/k-t-m.ch\/MX\/wordpress\/wp-json\/wp\/v2\/comments?post=1049"}],"version-history":[{"count":2,"href":"http:\/\/k-t-m.ch\/MX\/wordpress\/wp-json\/wp\/v2\/posts\/1049\/revisions"}],"predecessor-version":[{"id":1055,"href":"http:\/\/k-t-m.ch\/MX\/wordpress\/wp-json\/wp\/v2\/posts\/1049\/revisions\/1055"}],"wp:attachment":[{"href":"http:\/\/k-t-m.ch\/MX\/wordpress\/wp-json\/wp\/v2\/media?parent=1049"}],"wp:term":[{"taxonomy":"category","embeddable":true,"href":"http:\/\/k-t-m.ch\/MX\/wordpress\/wp-json\/wp\/v2\/categories?post=1049"},{"taxonomy":"post_tag","embeddable":true,"href":"http:\/\/k-t-m.ch\/MX\/wordpress\/wp-json\/wp\/v2\/tags?post=1049"}],"curies":[{"name":"wp","href":"https:\/\/api.w.org\/{rel}","templated":true}]}}