{"id":1068,"date":"2014-08-18T19:52:09","date_gmt":"2014-08-18T19:52:09","guid":{"rendered":"http:\/\/k-t-m.ch\/MX\/wordpress\/?p=1068"},"modified":"2014-08-18T20:26:28","modified_gmt":"2014-08-18T20:26:28","slug":"rennbericht-sjmcc-schleitheim","status":"publish","type":"post","link":"http:\/\/k-t-m.ch\/MX\/wordpress\/rennbericht-sjmcc-schleitheim\/","title":{"rendered":"Rennbericht SJMCC Schleitheim"},"content":{"rendered":"<p>Nach der sehr langen Sommerpause ging es nun endlich wieder weiter mit der SJMCC-Meisterschaft. Da wir hier um die Meisterschaft fahren, ist es immer etwas spezieller als alle anderen Rennen die wir \u201enur\u201c als Trainingsrennnen anschauen. Ich denke ist aber auch ein gutes Kopftraining, wenn man fr\u00fch lernt, mit Druck und Erwartungen umzugehen. Sehr erfreut waren wir auch \u00fcber die drei \u00dcberraschungsbesuche. Hansruedi, Denise und Ricardo tauchten alle mit mehr oder weniger Anhang\u00a0am Sonntag auf und unterst\u00fctzten unserer Jungs.<\/p>\n<figure id=\"attachment_1070\" aria-describedby=\"caption-attachment-1070\" style=\"width: 474px\" class=\"wp-caption aligncenter\"><img loading=\"lazy\" class=\"wp-image-1070 size-large\" src=\"http:\/\/k-t-m.ch\/MX\/wordpress\/wp-content\/uploads\/2014\/08\/Foto-21-e1408390897610-768x1024.jpg\" alt=\"Vielen Dank f\u00fcr den Besuch. The next Generation...\" width=\"474\" height=\"632\" srcset=\"http:\/\/k-t-m.ch\/MX\/wordpress\/wp-content\/uploads\/2014\/08\/Foto-21-e1408390897610-768x1024.jpg 768w, http:\/\/k-t-m.ch\/MX\/wordpress\/wp-content\/uploads\/2014\/08\/Foto-21-e1408390897610-225x300.jpg 225w, http:\/\/k-t-m.ch\/MX\/wordpress\/wp-content\/uploads\/2014\/08\/Foto-21-e1408390897610.jpg 1224w\" sizes=\"(max-width: 474px) 100vw, 474px\" \/><figcaption id=\"caption-attachment-1070\" class=\"wp-caption-text\">Vielen Dank f\u00fcr den Besuch. The next Generation&#8230;<\/figcaption><\/figure>\n<p>Travis h\u00e4tte seine\u00a0 L\u00e4ufe am Samstag gehabt, doch der Wettergott hatte kein einsehen. Sie fuhren zwar das Training doch anschliessend setzte sich Oli Badertscher f\u00fcr die Kids ein und organisierte mit Absprache unter den Fahrern und dem Veranstalter, dass die Klasse auf den Sonntag verschoben wird und mit den 65er zusammen starten k\u00f6nnen. Vielen Dank f\u00fcr dein Einsatz Oli.<\/p>\n<p>Demzufolge waren am Sonntag nun beide im Einsatz. Am Morgen gab es noch einiges zu putzen doch die Strecke war bald in einem optimalen Zustand und am Nachmittag staubte es sogar.<\/p>\n<p>Kimi wurde im Zeittraining zweiter hinter Luan K\u00fcndig mit nur gerade Mal 0.199 Sekunden R\u00fcckstand. Dritter war der \u00d6sterreicher Luca Andrich. Auch Travis hatte die Strecke bald im Griff und beendet es ebenfalls auf dem dritten Rang in seiner Klasse.<\/p>\n<p>Im ersten Lauf hatte Kimi einen schlechten Start und machte dann auch gleich zwei drei kleinere Fehler. Der dritte Platz war nie in Gefahr aber nach vorne war auch nichts m\u00f6glich. Travis profitierte sehr von dem, dass sie mit den 65er mitfahren konnten. Da es vor ihm viel schneller ist, und die hinter ihm fast zu langsam sind, ist er oft allein Unterwegs. Mit den 65er zusammen hat er immer Fahrer um sich und l\u00e4sst sich mitziehen. Auch er wurde guter dritter und hatte spannende K\u00e4mpfe mit den grossen.<\/p>\n<p>Auch im zweiten Lauf fuhr Kimi nicht optimal aus dem Balken konnte aber schnell zur Spitze aufschliessen und mit Andrich und K\u00fcndig mithalten. Er fuhr ein super Rennen und konnte der Spitze immer folgen. Zur Rennh\u00e4lfte konnte er sogar f\u00fcr kurze Zeit den 2. Platz einnehmen doch Luan liess sich das nicht gefallen und \u00fcberholte ihn wieder. Am Schluss wurde Kimi wieder dritter und holte sich damit sein erstes SJMCC-Podest. Er ist nun in allen m\u00f6glichen Serien in der Schweiz (SJMCC, FMS, MXRS) mind. einmal auf dem Podest gestanden. Auch Travis zeigte nochmals ein super Rennen und wurde ebenfalls dritter. F\u00fcr ihn sind Podestpl\u00e4tze nichts neues, dennoch war es f\u00fcr alle beteiligten sehr erfreuend, beide Piloten auf dem Podest stehen zu sehen.<\/p>\n<div id=\"fb-root\"><\/div>\n<p><script>(function(d, s, id) {  var js, fjs = d.getElementsByTagName(s)[0];  if (d.getElementById(id)) return;  js = d.createElement(s); js.id = id;  js.src = 'https:\/\/connect.facebook.net\/de_DE\/sdk.js#xfbml=1&version=v3.2';  fjs.parentNode.insertBefore(js, fjs);}(document, 'script', 'facebook-jssdk'));<\/script><\/p>\n<div class=\"fb-post\" data-href=\"https:\/\/www.facebook.com\/photo.php?v=10204641442695630&amp;set=vb.227887713895450&amp;type=2&amp;theater\" data-width=\"474\">\n<blockquote cite=\"https:\/\/www.facebook.com\/MotocrossBeggingen\/videos\/10204641442695630\/\" class=\"fb-xfbml-parse-ignore\">\n<p>Und die Kindermeute der 50- und 65 ccm Kategorie \ud83d\ude42<\/p>\n<p>Gepostet von <a href=\"https:\/\/www.facebook.com\/MotocrossBeggingen\/\">Motocross Beggingen<\/a> am&nbsp;<a href=\"https:\/\/www.facebook.com\/MotocrossBeggingen\/videos\/10204641442695630\/\">Sonntag, 17. August 2014<\/a><\/p><\/blockquote>\n<\/div>\n<p>In der Meisterschaft von Travis sieht es nach gut zweidrittel der Saison recht gut aus f\u00fcr ihn. Sein Saisonziel Top-Five sollte ohne Unfall kein Problem sein. Im Gegenteil, aktuell h\u00e4lt er sich mit grossen Vorsprung auf dem dritten Platz. Auch Kimi ist auf dem dritten Meisterschaftsplatz mit aber nur gerade 9 Punkten Vorsprung auf Joel Stierli. Das wird sicher eine spannende Sache bis nach Ossingen mitte Oktober. PS: Das w\u00e4re nat\u00fcrlich der Hammer, wenn unserer Jungs an der Meisterfeier, die ja in Oberb\u00fcren stattfindet, beide auf dem Podest stehen w\u00fcrden.<\/p>\n<figure id=\"attachment_1072\" aria-describedby=\"caption-attachment-1072\" style=\"width: 225px\" class=\"wp-caption aligncenter\"><img loading=\"lazy\" class=\"wp-image-1072 size-medium\" src=\"http:\/\/k-t-m.ch\/MX\/wordpress\/wp-content\/uploads\/2014\/08\/Foto-41-e1408390920406-225x300.jpg\" alt=\"Kimi das erste mal SJMCC-Podest\" width=\"225\" height=\"300\" srcset=\"http:\/\/k-t-m.ch\/MX\/wordpress\/wp-content\/uploads\/2014\/08\/Foto-41-e1408390920406-225x300.jpg 225w, http:\/\/k-t-m.ch\/MX\/wordpress\/wp-content\/uploads\/2014\/08\/Foto-41-e1408390920406-768x1024.jpg 768w, http:\/\/k-t-m.ch\/MX\/wordpress\/wp-content\/uploads\/2014\/08\/Foto-41-e1408390920406.jpg 1224w\" sizes=\"(max-width: 225px) 100vw, 225px\" \/><figcaption id=\"caption-attachment-1072\" class=\"wp-caption-text\">Kimi das erste mal SJMCC-Podest<\/figcaption><\/figure>\n<figure id=\"attachment_1071\" aria-describedby=\"caption-attachment-1071\" style=\"width: 225px\" class=\"wp-caption aligncenter\"><img loading=\"lazy\" class=\"wp-image-1071 size-medium\" src=\"http:\/\/k-t-m.ch\/MX\/wordpress\/wp-content\/uploads\/2014\/08\/Foto-31-e1408390908448-225x300.jpg\" alt=\"und auch Travis durfte rauf\" width=\"225\" height=\"300\" srcset=\"http:\/\/k-t-m.ch\/MX\/wordpress\/wp-content\/uploads\/2014\/08\/Foto-31-e1408390908448-225x300.jpg 225w, http:\/\/k-t-m.ch\/MX\/wordpress\/wp-content\/uploads\/2014\/08\/Foto-31-e1408390908448-768x1024.jpg 768w, http:\/\/k-t-m.ch\/MX\/wordpress\/wp-content\/uploads\/2014\/08\/Foto-31-e1408390908448.jpg 1224w\" sizes=\"(max-width: 225px) 100vw, 225px\" \/><figcaption id=\"caption-attachment-1071\" class=\"wp-caption-text\">und auch Travis durfte rauf<\/figcaption><\/figure>\n<p>Weiter geht es nun am n\u00e4chsten Weekend in Walde im Kanton Aargau. Dann ist ein Trainingssamstag angesagt bei Sigi Eicher mit den neuen Bike\u2019s und am Sonntag starten wir mit Kimi in M\u00f6ggers auf der sehr interessanten und anspruchsvollen Strecke gleich oberhalb von Bregenz.<\/p>\n<figure id=\"attachment_1069\" aria-describedby=\"caption-attachment-1069\" style=\"width: 474px\" class=\"wp-caption aligncenter\"><img loading=\"lazy\" class=\"wp-image-1069 size-large\" src=\"http:\/\/k-t-m.ch\/MX\/wordpress\/wp-content\/uploads\/2014\/08\/Foto-11-e1408390883739-768x1024.jpg\" alt=\"Endlich Sonne...\" width=\"474\" height=\"632\" srcset=\"http:\/\/k-t-m.ch\/MX\/wordpress\/wp-content\/uploads\/2014\/08\/Foto-11-e1408390883739-768x1024.jpg 768w, http:\/\/k-t-m.ch\/MX\/wordpress\/wp-content\/uploads\/2014\/08\/Foto-11-e1408390883739-225x300.jpg 225w, http:\/\/k-t-m.ch\/MX\/wordpress\/wp-content\/uploads\/2014\/08\/Foto-11-e1408390883739.jpg 1224w\" sizes=\"(max-width: 474px) 100vw, 474px\" \/><figcaption id=\"caption-attachment-1069\" class=\"wp-caption-text\">Endlich Sonne&#8230;<\/figcaption><\/figure>\n","protected":false},"excerpt":{"rendered":"<p>Nach der sehr langen Sommerpause ging es nun endlich wieder weiter mit der SJMCC-Meisterschaft. Da wir hier um die Meisterschaft fahren, ist es immer etwas spezieller als alle anderen Rennen die wir \u201enur\u201c als Trainingsrennnen anschauen. Ich denke ist aber auch ein gutes Kopftraining, wenn man fr\u00fch lernt, mit Druck und Erwartungen umzugehen. Sehr erfreut &hellip; <a href=\"http:\/\/k-t-m.ch\/MX\/wordpress\/rennbericht-sjmcc-schleitheim\/\" class=\"more-link\"><span class=\"screen-reader-text\">Rennbericht SJMCC Schleitheim<\/span> weiterlesen <span class=\"meta-nav\">&rarr;<\/span><\/a><\/p>\n","protected":false},"author":1,"featured_media":0,"comment_status":"closed","ping_status":"open","sticky":false,"template":"","format":"standard","meta":[],"categories":[10,13,9,18,14],"tags":[],"_links":{"self":[{"href":"http:\/\/k-t-m.ch\/MX\/wordpress\/wp-json\/wp\/v2\/posts\/1068"}],"collection":[{"href":"http:\/\/k-t-m.ch\/MX\/wordpress\/wp-json\/wp\/v2\/posts"}],"about":[{"href":"http:\/\/k-t-m.ch\/MX\/wordpress\/wp-json\/wp\/v2\/types\/post"}],"author":[{"embeddable":true,"href":"http:\/\/k-t-m.ch\/MX\/wordpress\/wp-json\/wp\/v2\/users\/1"}],"replies":[{"embeddable":true,"href":"http:\/\/k-t-m.ch\/MX\/wordpress\/wp-json\/wp\/v2\/comments?post=1068"}],"version-history":[{"count":7,"href":"http:\/\/k-t-m.ch\/MX\/wordpress\/wp-json\/wp\/v2\/posts\/1068\/revisions"}],"predecessor-version":[{"id":1079,"href":"http:\/\/k-t-m.ch\/MX\/wordpress\/wp-json\/wp\/v2\/posts\/1068\/revisions\/1079"}],"wp:attachment":[{"href":"http:\/\/k-t-m.ch\/MX\/wordpress\/wp-json\/wp\/v2\/media?parent=1068"}],"wp:term":[{"taxonomy":"category","embeddable":true,"href":"http:\/\/k-t-m.ch\/MX\/wordpress\/wp-json\/wp\/v2\/categories?post=1068"},{"taxonomy":"post_tag","embeddable":true,"href":"http:\/\/k-t-m.ch\/MX\/wordpress\/wp-json\/wp\/v2\/tags?post=1068"}],"curies":[{"name":"wp","href":"https:\/\/api.w.org\/{rel}","templated":true}]}}