{"id":1099,"date":"2014-09-01T20:10:04","date_gmt":"2014-09-01T20:10:04","guid":{"rendered":"http:\/\/k-t-m.ch\/MX\/wordpress\/?p=1099"},"modified":"2014-09-01T20:18:06","modified_gmt":"2014-09-01T20:18:06","slug":"rennbericht-moeggers-a","status":"publish","type":"post","link":"http:\/\/k-t-m.ch\/MX\/wordpress\/rennbericht-moeggers-a\/","title":{"rendered":"Rennbericht M\u00f6ggers A"},"content":{"rendered":"<p>Am Samstag gingen wir alle zusammen zum <a title=\"Trainingsacker Eicher Motorsport\" href=\"http:\/\/www.sigieicher.ch\/page1.php\" target=\"_blank\">Sigi auf den Acker<\/a>. Es war richtig l\u00e4ssig, mit allen drei zusammen MX zu fahren. Dann kamen auch noch Grossmami\u2018s und Grosspapi und sogar eine Schulkollegin stattete uns einen Besuch ab. Das Wetter war sch\u00f6n und die Strecke immer trocken. Das muss man schon fast speziell erw\u00e4hnen.<\/p>\n<figure id=\"attachment_1100\" aria-describedby=\"caption-attachment-1100\" style=\"width: 474px\" class=\"wp-caption alignnone\"><img loading=\"lazy\" class=\"size-large wp-image-1100\" src=\"http:\/\/k-t-m.ch\/MX\/wordpress\/wp-content\/uploads\/2014\/09\/Foto-1-e1409601557143-768x1024.jpg\" alt=\"Travis f\u00fchlt sich immer wohler auf dem 65er\" width=\"474\" height=\"632\" srcset=\"http:\/\/k-t-m.ch\/MX\/wordpress\/wp-content\/uploads\/2014\/09\/Foto-1-e1409601557143-768x1024.jpg 768w, http:\/\/k-t-m.ch\/MX\/wordpress\/wp-content\/uploads\/2014\/09\/Foto-1-e1409601557143-225x300.jpg 225w, http:\/\/k-t-m.ch\/MX\/wordpress\/wp-content\/uploads\/2014\/09\/Foto-1-e1409601557143.jpg 1224w\" sizes=\"(max-width: 474px) 100vw, 474px\" \/><figcaption id=\"caption-attachment-1100\" class=\"wp-caption-text\">Travis f\u00fchlt sich immer wohler auf dem 65er<\/figcaption><\/figure>\n<p>Am Sonntag war dann ein Rennen in M\u00f6ggers f\u00fcr die 65ccm Fahrer. Das z\u00e4hlte zwar nicht zur Meisterschaft. Doch die Strecke ist immer eine Reise wert. Das Feld wurde dann noch durch ein paar 85er Fahrer aufgef\u00fcllt und so gab es ein sch\u00f6nes Bild am Startbalken.<\/p>\n<p>Im Training kam Kimi nicht an einer Gruppe Fahrer vorbei und anstatt abzubrechen und sich viel freien Platz f\u00fcr eine schnelle Runde zu schaffen, versuchte er drei Runden lang sie zu \u00fcberholen. Das ergab dann den 10. Platz. Kimi war richtig entt\u00e4uscht. So schl\u00e4cht bini scho lang num\u00e4 gsi. Meinte er nur dazu.<\/p>\n<figure id=\"attachment_1106\" aria-describedby=\"caption-attachment-1106\" style=\"width: 300px\" class=\"wp-caption aligncenter\"><img loading=\"lazy\" class=\"wp-image-1106 size-medium\" src=\"http:\/\/k-t-m.ch\/MX\/wordpress\/wp-content\/uploads\/2014\/09\/Foto-122-300x225.jpg\" alt=\"Foto 122\" width=\"300\" height=\"225\" srcset=\"http:\/\/k-t-m.ch\/MX\/wordpress\/wp-content\/uploads\/2014\/09\/Foto-122-300x225.jpg 300w, http:\/\/k-t-m.ch\/MX\/wordpress\/wp-content\/uploads\/2014\/09\/Foto-122-1024x768.jpg 1024w, http:\/\/k-t-m.ch\/MX\/wordpress\/wp-content\/uploads\/2014\/09\/Foto-122.jpg 1632w\" sizes=\"(max-width: 300px) 100vw, 300px\" \/><figcaption id=\"caption-attachment-1106\" class=\"wp-caption-text\">Travis als Mech. damit Kimi sein Startplatz richten kann<\/figcaption><\/figure>\n<p>Im ersten Lauf ging es am Anfang noch nicht so richtig vorw\u00e4rts doch nach gut einer Runde hat Kimi den Rhythmus gefunden und konnte einer um den andern \u00fcberholen. Der Speed war OK und er fuhr sich vor bis auf den 6. Platz. (4. Platz 65ccm). In der letzten Runde kam er in einer Leise ins straucheln und musste zu Boden. Die anwesenden Helfer meinten nur \u201eganz ruhig, mach langsam!!!\u201c doch Kimi wollte doch einfach nur weiter. So wurde es ein 11. Platz am Schluss. Die Entt\u00e4uschung wurde nicht kleiner bei Kimi.<\/p>\n<figure id=\"attachment_1105\" aria-describedby=\"caption-attachment-1105\" style=\"width: 300px\" class=\"wp-caption aligncenter\"><img loading=\"lazy\" class=\"wp-image-1105 size-medium\" src=\"http:\/\/k-t-m.ch\/MX\/wordpress\/wp-content\/uploads\/2014\/09\/Foto-322-300x225.jpg\" alt=\"der Anfang vom Ende...\" width=\"300\" height=\"225\" srcset=\"http:\/\/k-t-m.ch\/MX\/wordpress\/wp-content\/uploads\/2014\/09\/Foto-322-300x225.jpg 300w, http:\/\/k-t-m.ch\/MX\/wordpress\/wp-content\/uploads\/2014\/09\/Foto-322-1024x768.jpg 1024w, http:\/\/k-t-m.ch\/MX\/wordpress\/wp-content\/uploads\/2014\/09\/Foto-322.jpg 1632w\" sizes=\"(max-width: 300px) 100vw, 300px\" \/><figcaption id=\"caption-attachment-1105\" class=\"wp-caption-text\">der Anfang vom Ende&#8230;<\/figcaption><\/figure>\n<p>Am Nachmittag fing es dann ziemlich heftig an zu Regnen. MX 1 Fahrer Simon Baumann meinte sogar, dass die Jungs nicht mehr fahren k\u00f6nnen. Der Veranstalter war kurz noch andere Meinung, doch nach einer kurzen Diskussionsrunde wurden die 2. L\u00e4ufe abgesagt. Zu tief waren die Rillen. Im Anschluss fand nur noch der Masters-Lauf der MX 2 statt und dann wurden die Veranstaltung kompl. beendet. Nach gef\u00fchlten 2 Stunden warten auf den Traktor ging es dann endlich nach Hause.<\/p>\n<p>Hoffen wir auf etwas besseres Wetter in Gutenswil n\u00e4chstes Weekend. Travis und Mason werden am Samstagabend ihre Rennen bestreiten. Kimi ist dann am Sonntag dran. Infos unter<a title=\"Veranstalterhomepage\" href=\"http:\/\/msg-gutenswil.ch\" target=\"_blank\"> msg-gutenswil.ch<\/a><\/p>\n<figure id=\"attachment_1107\" aria-describedby=\"caption-attachment-1107\" style=\"width: 474px\" class=\"wp-caption aligncenter\"><img loading=\"lazy\" class=\"wp-image-1107 size-large\" src=\"http:\/\/k-t-m.ch\/MX\/wordpress\/wp-content\/uploads\/2014\/09\/Foto-222-1024x768.jpg\" alt=\"kalt\" width=\"474\" height=\"355\" srcset=\"http:\/\/k-t-m.ch\/MX\/wordpress\/wp-content\/uploads\/2014\/09\/Foto-222-1024x768.jpg 1024w, http:\/\/k-t-m.ch\/MX\/wordpress\/wp-content\/uploads\/2014\/09\/Foto-222-300x225.jpg 300w, http:\/\/k-t-m.ch\/MX\/wordpress\/wp-content\/uploads\/2014\/09\/Foto-222.jpg 1632w\" sizes=\"(max-width: 474px) 100vw, 474px\" \/><figcaption id=\"caption-attachment-1107\" class=\"wp-caption-text\">kalt<\/figcaption><\/figure>\n<figure id=\"attachment_1104\" aria-describedby=\"caption-attachment-1104\" style=\"width: 474px\" class=\"wp-caption aligncenter\"><img loading=\"lazy\" class=\"wp-image-1104 size-large\" src=\"http:\/\/k-t-m.ch\/MX\/wordpress\/wp-content\/uploads\/2014\/09\/Foto-5-1024x768.jpg\" alt=\"k\u00e4lter\" width=\"474\" height=\"355\" srcset=\"http:\/\/k-t-m.ch\/MX\/wordpress\/wp-content\/uploads\/2014\/09\/Foto-5-1024x768.jpg 1024w, http:\/\/k-t-m.ch\/MX\/wordpress\/wp-content\/uploads\/2014\/09\/Foto-5-300x225.jpg 300w, http:\/\/k-t-m.ch\/MX\/wordpress\/wp-content\/uploads\/2014\/09\/Foto-5.jpg 1632w\" sizes=\"(max-width: 474px) 100vw, 474px\" \/><figcaption id=\"caption-attachment-1104\" class=\"wp-caption-text\">k\u00e4lter<\/figcaption><\/figure>\n<figure id=\"attachment_1102\" aria-describedby=\"caption-attachment-1102\" style=\"width: 474px\" class=\"wp-caption aligncenter\"><img loading=\"lazy\" class=\"wp-image-1102 size-large\" src=\"http:\/\/k-t-m.ch\/MX\/wordpress\/wp-content\/uploads\/2014\/09\/Foto-3-1024x768.jpg\" alt=\"am k\u00e4ltesten...\" width=\"474\" height=\"355\" srcset=\"http:\/\/k-t-m.ch\/MX\/wordpress\/wp-content\/uploads\/2014\/09\/Foto-3-1024x768.jpg 1024w, http:\/\/k-t-m.ch\/MX\/wordpress\/wp-content\/uploads\/2014\/09\/Foto-3-300x225.jpg 300w, http:\/\/k-t-m.ch\/MX\/wordpress\/wp-content\/uploads\/2014\/09\/Foto-3.jpg 1632w\" sizes=\"(max-width: 474px) 100vw, 474px\" \/><figcaption id=\"caption-attachment-1102\" class=\"wp-caption-text\">am k\u00e4ltesten&#8230;<\/figcaption><\/figure>\n<p>&nbsp;<\/p>\n<p>&nbsp;<\/p>\n<p>&nbsp;<\/p>\n","protected":false},"excerpt":{"rendered":"<p>Am Samstag gingen wir alle zusammen zum Sigi auf den Acker. Es war richtig l\u00e4ssig, mit allen drei zusammen MX zu fahren. Dann kamen auch noch Grossmami\u2018s und Grosspapi und sogar eine Schulkollegin stattete uns einen Besuch ab. Das Wetter war sch\u00f6n und die Strecke immer trocken. Das muss man schon fast speziell erw\u00e4hnen. Am &hellip; <a href=\"http:\/\/k-t-m.ch\/MX\/wordpress\/rennbericht-moeggers-a\/\" class=\"more-link\"><span class=\"screen-reader-text\">Rennbericht M\u00f6ggers A<\/span> weiterlesen <span class=\"meta-nav\">&rarr;<\/span><\/a><\/p>\n","protected":false},"author":1,"featured_media":0,"comment_status":"closed","ping_status":"open","sticky":false,"template":"","format":"standard","meta":[],"categories":[10,13,12,18],"tags":[],"_links":{"self":[{"href":"http:\/\/k-t-m.ch\/MX\/wordpress\/wp-json\/wp\/v2\/posts\/1099"}],"collection":[{"href":"http:\/\/k-t-m.ch\/MX\/wordpress\/wp-json\/wp\/v2\/posts"}],"about":[{"href":"http:\/\/k-t-m.ch\/MX\/wordpress\/wp-json\/wp\/v2\/types\/post"}],"author":[{"embeddable":true,"href":"http:\/\/k-t-m.ch\/MX\/wordpress\/wp-json\/wp\/v2\/users\/1"}],"replies":[{"embeddable":true,"href":"http:\/\/k-t-m.ch\/MX\/wordpress\/wp-json\/wp\/v2\/comments?post=1099"}],"version-history":[{"count":4,"href":"http:\/\/k-t-m.ch\/MX\/wordpress\/wp-json\/wp\/v2\/posts\/1099\/revisions"}],"predecessor-version":[{"id":1111,"href":"http:\/\/k-t-m.ch\/MX\/wordpress\/wp-json\/wp\/v2\/posts\/1099\/revisions\/1111"}],"wp:attachment":[{"href":"http:\/\/k-t-m.ch\/MX\/wordpress\/wp-json\/wp\/v2\/media?parent=1099"}],"wp:term":[{"taxonomy":"category","embeddable":true,"href":"http:\/\/k-t-m.ch\/MX\/wordpress\/wp-json\/wp\/v2\/categories?post=1099"},{"taxonomy":"post_tag","embeddable":true,"href":"http:\/\/k-t-m.ch\/MX\/wordpress\/wp-json\/wp\/v2\/tags?post=1099"}],"curies":[{"name":"wp","href":"https:\/\/api.w.org\/{rel}","templated":true}]}}