{"id":1113,"date":"2014-09-08T20:49:05","date_gmt":"2014-09-08T20:49:05","guid":{"rendered":"http:\/\/k-t-m.ch\/MX\/wordpress\/?p=1113"},"modified":"2014-09-08T20:49:05","modified_gmt":"2014-09-08T20:49:05","slug":"rennbericht-sjmcc-gutenswil","status":"publish","type":"post","link":"http:\/\/k-t-m.ch\/MX\/wordpress\/rennbericht-sjmcc-gutenswil\/","title":{"rendered":"Rennbericht SJMCC Gutenswil"},"content":{"rendered":"<p>Da die 50ccm an dieser Veranstaltung im speziellen Abendprogramm mitfahren durften, konnten wir gem\u00fctlich am Samstagmorgen anreisen. Wir nutzten auch gleich die M\u00f6glichkeit, uns einem Hirn Test zu unterziehen. SRS-Rettungsdienst in Zusammenarbeit mit dem SAM arbeiten an einer Studie f\u00fcr Hirnersch\u00fctterungen, da machen wir nat\u00fcrlich gerne mit. So haben wir dann auch gleich Referenzwerte falls es uns mal erwischen m\u00fcsste.<\/p>\n<p>So nun zum Rennen<\/p>\n<figure id=\"attachment_1114\" aria-describedby=\"caption-attachment-1114\" style=\"width: 474px\" class=\"wp-caption alignnone\"><img loading=\"lazy\" class=\"size-large wp-image-1114\" src=\"http:\/\/k-t-m.ch\/MX\/wordpress\/wp-content\/uploads\/2014\/09\/IMG_1100-e1410208964614-768x1024.jpg\" alt=\"Mason kurz vor dem 1. Lauf\" width=\"474\" height=\"632\" srcset=\"http:\/\/k-t-m.ch\/MX\/wordpress\/wp-content\/uploads\/2014\/09\/IMG_1100-e1410208964614-768x1024.jpg 768w, http:\/\/k-t-m.ch\/MX\/wordpress\/wp-content\/uploads\/2014\/09\/IMG_1100-e1410208964614-225x300.jpg 225w\" sizes=\"(max-width: 474px) 100vw, 474px\" \/><figcaption id=\"caption-attachment-1114\" class=\"wp-caption-text\">Mason kurz vor dem 1. Lauf<\/figcaption><\/figure>\n<p>Travis und Mason zeigte beide 2 sehr gute L\u00e4ufe. Die Trainings waren f\u00fcr beide etwas spektakul\u00e4r \u00fcber die grossen Kicker der Strecke zu fahren. Ist aber auch schwieriger zum fahren als zu jumpen. Travis hatte in beiden L\u00e4ufen gute fights gezeigt. Er musste zwar im ersten Lauf noch kurz zu Boden doch das tat ihm eigentlich gut. Sven \u00fcberholte ihn als er am Boden war und Travis wollte einfach wieder vor ihn fahren. Es gelang ihm und im Tagesklassement wurde er guter 4. Auch Mason hatte zwei super L\u00e4ufe. Er wurde im Gesamtklassement 12. von 13 Startern und bekam einen Pokal. Er war Mega happy, war er doch \u00fcberzeugt, letzter zu werden\u2026<\/p>\n<figure id=\"attachment_1116\" aria-describedby=\"caption-attachment-1116\" style=\"width: 474px\" class=\"wp-caption alignnone\"><img loading=\"lazy\" class=\"size-large wp-image-1116\" src=\"http:\/\/k-t-m.ch\/MX\/wordpress\/wp-content\/uploads\/2014\/09\/IMG_1104-1024x768.jpg\" alt=\"Mason mit Pokal. \" width=\"474\" height=\"355\" srcset=\"http:\/\/k-t-m.ch\/MX\/wordpress\/wp-content\/uploads\/2014\/09\/IMG_1104-1024x768.jpg 1024w, http:\/\/k-t-m.ch\/MX\/wordpress\/wp-content\/uploads\/2014\/09\/IMG_1104-300x225.jpg 300w\" sizes=\"(max-width: 474px) 100vw, 474px\" \/><figcaption id=\"caption-attachment-1116\" class=\"wp-caption-text\">Mason mit Pokal. Sorry f\u00fcr di schl\u00e4cht Qualit\u00e4t&#8230;<\/figcaption><\/figure>\n<p>Kimi hatte seine L\u00e4ufe am Sonntag. Bei perfektem Wetter und vielen Zuschauer duften die 65er ihr k\u00f6nnen zeigen. Kimi stellte sich das aber etwas anders vor. Die Whoops wollten am Anfang einfach nicht so fl\u00fcssig gehen und auch die Spr\u00fcnge waren schwierig. Dann kommt noch der sehr schwierige Boden da es immer lose ist und viele Steine hat. Kimi beendete das Zeittraining als 7. Doch die letzten Runden zeigten, dass es noch schneller geht. Im Rennen hatte Kimi mittelm\u00e4ssige Starts und musste in jedem Lauf hart fighten. Mit den Pl\u00e4tzen 6 und 5 hatte Kimi zwei eher schlechtere Resultate jedoch hatten seine Kollegen mind in einem Lauf Probleme und so ergab sich am Schluss doch wieder ein vierter Platz im Gesamtklassement. Am n\u00e4chsten Weekend sollte es dann wieder etwas besser vorw\u00e4rts gehen auf dem sch\u00f6nen Acker- und Wiesenboden von D\u00e4twil. Wir freuen uns\u2026<\/p>\n<figure id=\"attachment_1117\" aria-describedby=\"caption-attachment-1117\" style=\"width: 474px\" class=\"wp-caption alignnone\"><img loading=\"lazy\" class=\"size-large wp-image-1117\" src=\"http:\/\/k-t-m.ch\/MX\/wordpress\/wp-content\/uploads\/2014\/09\/IMG_1109-1024x768.jpg\" alt=\"Tolles 65er Feld in Gutenswil\" width=\"474\" height=\"355\" srcset=\"http:\/\/k-t-m.ch\/MX\/wordpress\/wp-content\/uploads\/2014\/09\/IMG_1109-1024x768.jpg 1024w, http:\/\/k-t-m.ch\/MX\/wordpress\/wp-content\/uploads\/2014\/09\/IMG_1109-300x225.jpg 300w\" sizes=\"(max-width: 474px) 100vw, 474px\" \/><figcaption id=\"caption-attachment-1117\" class=\"wp-caption-text\">Tolles 65er Feld in Gutenswil<\/figcaption><\/figure>\n<figure id=\"attachment_1115\" aria-describedby=\"caption-attachment-1115\" style=\"width: 474px\" class=\"wp-caption alignnone\"><img loading=\"lazy\" class=\"wp-image-1115 size-large\" src=\"http:\/\/k-t-m.ch\/MX\/wordpress\/wp-content\/uploads\/2014\/09\/IMG_1102-e1410208990760-768x1024.jpg\" alt=\"IMG_1102\" width=\"474\" height=\"632\" srcset=\"http:\/\/k-t-m.ch\/MX\/wordpress\/wp-content\/uploads\/2014\/09\/IMG_1102-e1410208990760-768x1024.jpg 768w, http:\/\/k-t-m.ch\/MX\/wordpress\/wp-content\/uploads\/2014\/09\/IMG_1102-e1410208990760-225x300.jpg 225w\" sizes=\"(max-width: 474px) 100vw, 474px\" \/><figcaption id=\"caption-attachment-1115\" class=\"wp-caption-text\">Mason neben Julian #7. Von ihm haben wir das Bike abgekauft&#8230;<\/figcaption><\/figure>\n","protected":false},"excerpt":{"rendered":"<p>Da die 50ccm an dieser Veranstaltung im speziellen Abendprogramm mitfahren durften, konnten wir gem\u00fctlich am Samstagmorgen anreisen. Wir nutzten auch gleich die M\u00f6glichkeit, uns einem Hirn Test zu unterziehen. SRS-Rettungsdienst in Zusammenarbeit mit dem SAM arbeiten an einer Studie f\u00fcr Hirnersch\u00fctterungen, da machen wir nat\u00fcrlich gerne mit. So haben wir dann auch gleich Referenzwerte falls &hellip; <a href=\"http:\/\/k-t-m.ch\/MX\/wordpress\/rennbericht-sjmcc-gutenswil\/\" class=\"more-link\"><span class=\"screen-reader-text\">Rennbericht SJMCC Gutenswil<\/span> weiterlesen <span class=\"meta-nav\">&rarr;<\/span><\/a><\/p>\n","protected":false},"author":1,"featured_media":0,"comment_status":"closed","ping_status":"open","sticky":false,"template":"","format":"standard","meta":[],"categories":[10,13,16,12,9,18],"tags":[],"_links":{"self":[{"href":"http:\/\/k-t-m.ch\/MX\/wordpress\/wp-json\/wp\/v2\/posts\/1113"}],"collection":[{"href":"http:\/\/k-t-m.ch\/MX\/wordpress\/wp-json\/wp\/v2\/posts"}],"about":[{"href":"http:\/\/k-t-m.ch\/MX\/wordpress\/wp-json\/wp\/v2\/types\/post"}],"author":[{"embeddable":true,"href":"http:\/\/k-t-m.ch\/MX\/wordpress\/wp-json\/wp\/v2\/users\/1"}],"replies":[{"embeddable":true,"href":"http:\/\/k-t-m.ch\/MX\/wordpress\/wp-json\/wp\/v2\/comments?post=1113"}],"version-history":[{"count":1,"href":"http:\/\/k-t-m.ch\/MX\/wordpress\/wp-json\/wp\/v2\/posts\/1113\/revisions"}],"predecessor-version":[{"id":1118,"href":"http:\/\/k-t-m.ch\/MX\/wordpress\/wp-json\/wp\/v2\/posts\/1113\/revisions\/1118"}],"wp:attachment":[{"href":"http:\/\/k-t-m.ch\/MX\/wordpress\/wp-json\/wp\/v2\/media?parent=1113"}],"wp:term":[{"taxonomy":"category","embeddable":true,"href":"http:\/\/k-t-m.ch\/MX\/wordpress\/wp-json\/wp\/v2\/categories?post=1113"},{"taxonomy":"post_tag","embeddable":true,"href":"http:\/\/k-t-m.ch\/MX\/wordpress\/wp-json\/wp\/v2\/tags?post=1113"}],"curies":[{"name":"wp","href":"https:\/\/api.w.org\/{rel}","templated":true}]}}