{"id":1506,"date":"2015-03-28T17:04:32","date_gmt":"2015-03-28T17:04:32","guid":{"rendered":"http:\/\/k-t-m.ch\/MX\/wordpress\/?p=1506"},"modified":"2015-03-28T17:04:32","modified_gmt":"2015-03-28T17:04:32","slug":"naenikon-abgesagt","status":"publish","type":"post","link":"http:\/\/k-t-m.ch\/MX\/wordpress\/naenikon-abgesagt\/","title":{"rendered":"N\u00e4nikon abgesagt"},"content":{"rendered":"<p>leider m\u00fcssen wir den Saisonstart auf ende April verschieben!!! Da es morgen angeblich Regnen soll w\u00fcrde heute Mittag alles abgesagt<\/p>\n","protected":false},"excerpt":{"rendered":"<p>leider m\u00fcssen wir den Saisonstart auf ende April verschieben!!! Da es morgen angeblich Regnen soll w\u00fcrde heute Mittag alles abgesagt<\/p>\n","protected":false},"author":1,"featured_media":0,"comment_status":"closed","ping_status":"open","sticky":false,"template":"","format":"standard","meta":[],"categories":[1],"tags":[],"_links":{"self":[{"href":"http:\/\/k-t-m.ch\/MX\/wordpress\/wp-json\/wp\/v2\/posts\/1506"}],"collection":[{"href":"http:\/\/k-t-m.ch\/MX\/wordpress\/wp-json\/wp\/v2\/posts"}],"about":[{"href":"http:\/\/k-t-m.ch\/MX\/wordpress\/wp-json\/wp\/v2\/types\/post"}],"author":[{"embeddable":true,"href":"http:\/\/k-t-m.ch\/MX\/wordpress\/wp-json\/wp\/v2\/users\/1"}],"replies":[{"embeddable":true,"href":"http:\/\/k-t-m.ch\/MX\/wordpress\/wp-json\/wp\/v2\/comments?post=1506"}],"version-history":[{"count":1,"href":"http:\/\/k-t-m.ch\/MX\/wordpress\/wp-json\/wp\/v2\/posts\/1506\/revisions"}],"predecessor-version":[{"id":1507,"href":"http:\/\/k-t-m.ch\/MX\/wordpress\/wp-json\/wp\/v2\/posts\/1506\/revisions\/1507"}],"wp:attachment":[{"href":"http:\/\/k-t-m.ch\/MX\/wordpress\/wp-json\/wp\/v2\/media?parent=1506"}],"wp:term":[{"taxonomy":"category","embeddable":true,"href":"http:\/\/k-t-m.ch\/MX\/wordpress\/wp-json\/wp\/v2\/categories?post=1506"},{"taxonomy":"post_tag","embeddable":true,"href":"http:\/\/k-t-m.ch\/MX\/wordpress\/wp-json\/wp\/v2\/tags?post=1506"}],"curies":[{"name":"wp","href":"https:\/\/api.w.org\/{rel}","templated":true}]}}