{"id":1523,"date":"2015-05-04T08:55:11","date_gmt":"2015-05-04T08:55:11","guid":{"rendered":"http:\/\/k-t-m.ch\/MX\/wordpress\/?p=1523"},"modified":"2015-05-04T08:55:11","modified_gmt":"2015-05-04T08:55:11","slug":"rennbericht-club-mauren","status":"publish","type":"post","link":"http:\/\/k-t-m.ch\/MX\/wordpress\/rennbericht-club-mauren\/","title":{"rendered":"Rennbericht Club Mauren"},"content":{"rendered":"<p>Am letzten Wochenende stand das Clubrennen in Mauren auf dem Programm. Das Wetter war \u00fcberhaupt nicht MX-like doch der Veranstalter zog das Samstagsprogramm durch. Am Morgen war es noch sehr nass und schwierig zum Fahren. Doch im Verlauf des Tages wurde es immer besser. Unsere Jungs h\u00e4tten die Rennl\u00e4ufe am Sonntag gehabt doch der Wetterbericht sagte nur Regen voraus und so entschied sich der Veranstalter bereits am Mittag, das Sonntagsprogramm abzusagen. Travis war sehr entt\u00e4uscht dass er nicht fahren durfte an diesem Rennen.<\/p>\n<p>Am Abend startete dann Kimi beim 90 Minuten Cross-Country. F\u00fcr Dieses Rennen baute der Veranstalter eine grosse Zusatzschlaufe im hinteren Teil auf der Wiese gespickt mit Baumst\u00e4mmen und weiteren Spezialsektionen. Leider war die Wiese ein einziges Morrastfeld und Kimi st\u00fcrzte mit dem grossen 85 fast alle 100 Meter da er einfach noch zu klein ist und nicht mit den F\u00fcssen helfen konnte. Kurzerhand entschieden wir uns f\u00fcr einen Motorradwechsel und holten schnell die 65er von Travis aus dem Bus. Kimi kam dann zu Fuss retour und sein G\u00f6tti Roman brachte den 85er aus dem tiefen Morrast zur\u00fcck. Mit dem 65er ging es dann schon einiges besser, konnte er doch jetzt mit den F\u00fcssen helfen. Nach kurzer Angew\u00f6hnungszeit fuhr er dann auch ganz locker seine Runden und es machte ihm richtig Spass. Nach 90 Minuten kam er dann gl\u00fccklich aber richtig ersch\u00f6pft im Ziel an. Der Veranstalter \u00fcberreicht ihm dann auch einen Tapferkeitspokal und er durfte diesen unter grossem Applaus im Festzelt abholen. Anschliessend packten wir unsere sieben Sachen zusammen und liessen und vom grossen Traktor aus der Wiese ziehen denn mittlerweile hat der Regen schon wieder eingesetzt.<\/p>\n<p>Am n\u00e4chsten Weekend geht es dann weiter mit einem Doppeleinsatz in Balm in der Region Solothurn. Travis f\u00e4hrt am Samstag und Kimi vermutlich an beiden Tagen.<\/p>\n","protected":false},"excerpt":{"rendered":"<p>Am letzten Wochenende stand das Clubrennen in Mauren auf dem Programm. Das Wetter war \u00fcberhaupt nicht MX-like doch der Veranstalter zog das Samstagsprogramm durch. Am Morgen war es noch sehr nass und schwierig zum Fahren. Doch im Verlauf des Tages wurde es immer besser. Unsere Jungs h\u00e4tten die Rennl\u00e4ufe am Sonntag gehabt doch der Wetterbericht &hellip; <a href=\"http:\/\/k-t-m.ch\/MX\/wordpress\/rennbericht-club-mauren\/\" class=\"more-link\"><span class=\"screen-reader-text\">Rennbericht Club Mauren<\/span> weiterlesen <span class=\"meta-nav\">&rarr;<\/span><\/a><\/p>\n","protected":false},"author":1,"featured_media":0,"comment_status":"closed","ping_status":"open","sticky":false,"template":"","format":"standard","meta":[],"categories":[13],"tags":[],"_links":{"self":[{"href":"http:\/\/k-t-m.ch\/MX\/wordpress\/wp-json\/wp\/v2\/posts\/1523"}],"collection":[{"href":"http:\/\/k-t-m.ch\/MX\/wordpress\/wp-json\/wp\/v2\/posts"}],"about":[{"href":"http:\/\/k-t-m.ch\/MX\/wordpress\/wp-json\/wp\/v2\/types\/post"}],"author":[{"embeddable":true,"href":"http:\/\/k-t-m.ch\/MX\/wordpress\/wp-json\/wp\/v2\/users\/1"}],"replies":[{"embeddable":true,"href":"http:\/\/k-t-m.ch\/MX\/wordpress\/wp-json\/wp\/v2\/comments?post=1523"}],"version-history":[{"count":1,"href":"http:\/\/k-t-m.ch\/MX\/wordpress\/wp-json\/wp\/v2\/posts\/1523\/revisions"}],"predecessor-version":[{"id":1524,"href":"http:\/\/k-t-m.ch\/MX\/wordpress\/wp-json\/wp\/v2\/posts\/1523\/revisions\/1524"}],"wp:attachment":[{"href":"http:\/\/k-t-m.ch\/MX\/wordpress\/wp-json\/wp\/v2\/media?parent=1523"}],"wp:term":[{"taxonomy":"category","embeddable":true,"href":"http:\/\/k-t-m.ch\/MX\/wordpress\/wp-json\/wp\/v2\/categories?post=1523"},{"taxonomy":"post_tag","embeddable":true,"href":"http:\/\/k-t-m.ch\/MX\/wordpress\/wp-json\/wp\/v2\/tags?post=1523"}],"curies":[{"name":"wp","href":"https:\/\/api.w.org\/{rel}","templated":true}]}}