{"id":1528,"date":"2015-05-12T06:47:39","date_gmt":"2015-05-12T06:47:39","guid":{"rendered":"http:\/\/k-t-m.ch\/MX\/wordpress\/?p=1528"},"modified":"2015-05-12T06:53:55","modified_gmt":"2015-05-12T06:53:55","slug":"rennbericht-mxrs-balm-2","status":"publish","type":"post","link":"http:\/\/k-t-m.ch\/MX\/wordpress\/rennbericht-mxrs-balm-2\/","title":{"rendered":"Rennbericht MXRS Balm"},"content":{"rendered":"<p>Diesmal ging es wieder einmal auf die sehr anspruchsvolle Strecke in Balm. Dort war am Samstag MXRS und am Sonntag FMS Mini 85 angesagt. Die Strecke war am Samstag noch sehr schlammig vom vielen Regen in der Nacht doch schon bald wurde es besser.<\/p>\n<p>F\u00fcr Mason ist diese sehr schwierige Gasse noch ein Jahr zu fr\u00fch. Travis jedoch zog seine Runden sehr Sauber und im starken Kids-Cup Feld platzierte er sich auf dem 22. Platz. Viel Pech hatte er im zweiten Lauf als er nach einem kleinen Ausrutscher sein Bike \u00fcber lange Zeit nicht mehr zum Laufen brachte. Hier ging sehr viel Zeit verloren. In Ossingen hat er am n\u00e4chsten Weekend aber bereits die M\u00f6glichkeit, es besser zu machen. Dann findet dort die n\u00e4chste Runde zum Kids-Cup statt.<\/p>\n<p>Kimi entschied sich am Samstag gegen ein Training. Die Strecke war noch so schlammig dass er nicht wieder das gleiche Debakel wie in Mauren eine Woche zuvor erleben wollte. Beim ersten Lauf am Samstag fuhr jedoch so stark ab, so dass er gleich den Holeshot holte (als erster durch die erste Kurve) und nun kam das Problem, dass er ja gar nicht wusste wo es lang geht. Tja, so ist das Leben. Aber der Lerneffekt, dass es ohne Training nicht gut kommt konnte nicht gr\u00f6sser sein als so. Im Moment ist es so, dass Kimi sehr sauber seine Runden dreht aber leider meistens alleine f\u00e4hrt. Seine Gegner sind entweder viel schneller, oder zu langsam. Es fehlt manchmal noch ein bisschen der innere Schweinehund, um den andern einfach hinterherzujagen. Aber auch f\u00fcr ihn wird die n\u00e4chste M\u00f6glichkeit bereits in Ossingen kommen, wenn dann der n\u00e4chste Lauf zur SJMCC-Meisterschaft ansteht. Der Sonntag war nicht sein Tag. Heftiger Einschlag im Zeittraining bei einer Sprungkombination. Dann eine schmerzende Schulter und zu guter Letzt nochmals ein Abflug kurz nach dem Start der ziemlich spektakul\u00e4r aussah. Er hatte am Montag auf jeden Fall ziemlich Muskelkater.<\/p>\n<p><a href=\"http:\/\/k-t-m.ch\/MX\/wordpress\/wp-content\/uploads\/2015\/05\/IMG_1959.mov\">IMG_1959<\/a>\u00a0Video vom Startcrash<\/p>\n<p>Das n\u00e4chste Rennen ist wie bereits erw\u00e4hnt wieder etwas n\u00e4her gelegen und wir w\u00fcrden uns \u00fcber Fans und Hopprufer richtig freuen. See you on the Track@Ossingen.<\/p>\n<p><img loading=\"lazy\" class=\"aligncenter size-full wp-image-1531\" src=\"http:\/\/k-t-m.ch\/MX\/wordpress\/wp-content\/uploads\/2015\/05\/IMG_1956.jpg\" alt=\"IMG_1956\" width=\"480\" height=\"640\" srcset=\"http:\/\/k-t-m.ch\/MX\/wordpress\/wp-content\/uploads\/2015\/05\/IMG_1956.jpg 480w, http:\/\/k-t-m.ch\/MX\/wordpress\/wp-content\/uploads\/2015\/05\/IMG_1956-225x300.jpg 225w\" sizes=\"(max-width: 480px) 100vw, 480px\" \/><\/p>\n","protected":false},"excerpt":{"rendered":"<p>Diesmal ging es wieder einmal auf die sehr anspruchsvolle Strecke in Balm. Dort war am Samstag MXRS und am Sonntag FMS Mini 85 angesagt. Die Strecke war am Samstag noch sehr schlammig vom vielen Regen in der Nacht doch schon bald wurde es besser. F\u00fcr Mason ist diese sehr schwierige Gasse noch ein Jahr zu &hellip; <a href=\"http:\/\/k-t-m.ch\/MX\/wordpress\/rennbericht-mxrs-balm-2\/\" class=\"more-link\"><span class=\"screen-reader-text\">Rennbericht MXRS Balm<\/span> weiterlesen <span class=\"meta-nav\">&rarr;<\/span><\/a><\/p>\n","protected":false},"author":1,"featured_media":0,"comment_status":"closed","ping_status":"open","sticky":false,"template":"","format":"standard","meta":[],"categories":[10,13,20,18],"tags":[],"_links":{"self":[{"href":"http:\/\/k-t-m.ch\/MX\/wordpress\/wp-json\/wp\/v2\/posts\/1528"}],"collection":[{"href":"http:\/\/k-t-m.ch\/MX\/wordpress\/wp-json\/wp\/v2\/posts"}],"about":[{"href":"http:\/\/k-t-m.ch\/MX\/wordpress\/wp-json\/wp\/v2\/types\/post"}],"author":[{"embeddable":true,"href":"http:\/\/k-t-m.ch\/MX\/wordpress\/wp-json\/wp\/v2\/users\/1"}],"replies":[{"embeddable":true,"href":"http:\/\/k-t-m.ch\/MX\/wordpress\/wp-json\/wp\/v2\/comments?post=1528"}],"version-history":[{"count":3,"href":"http:\/\/k-t-m.ch\/MX\/wordpress\/wp-json\/wp\/v2\/posts\/1528\/revisions"}],"predecessor-version":[{"id":1533,"href":"http:\/\/k-t-m.ch\/MX\/wordpress\/wp-json\/wp\/v2\/posts\/1528\/revisions\/1533"}],"wp:attachment":[{"href":"http:\/\/k-t-m.ch\/MX\/wordpress\/wp-json\/wp\/v2\/media?parent=1528"}],"wp:term":[{"taxonomy":"category","embeddable":true,"href":"http:\/\/k-t-m.ch\/MX\/wordpress\/wp-json\/wp\/v2\/categories?post=1528"},{"taxonomy":"post_tag","embeddable":true,"href":"http:\/\/k-t-m.ch\/MX\/wordpress\/wp-json\/wp\/v2\/tags?post=1528"}],"curies":[{"name":"wp","href":"https:\/\/api.w.org\/{rel}","templated":true}]}}