{"id":1536,"date":"2015-05-18T08:51:15","date_gmt":"2015-05-18T08:51:15","guid":{"rendered":"http:\/\/k-t-m.ch\/MX\/wordpress\/?p=1536"},"modified":"2015-05-18T13:21:50","modified_gmt":"2015-05-18T13:21:50","slug":"rennbericht-sjmcc-ossingen-2","status":"publish","type":"post","link":"http:\/\/k-t-m.ch\/MX\/wordpress\/rennbericht-sjmcc-ossingen-2\/","title":{"rendered":"Rennbericht SJMCC Ossingen"},"content":{"rendered":"<p>Am letzten Weekend ging es nach Ossingen. An diese Veranstaltungen denken wir sehr gerne zur\u00fcck, konnte Kimi und Travis doch hier im letzten Jahr ihre 3. Pl\u00e4tze in der Meisterschaft feiern. Nun war das Rennen am Anfang der Saison. Die Strecke war fast gleich und auch das Fahrerlager war wieder Top. Der starke Regen den ganzen Freitag konnte der Strecke nicht viel anhaben und so war es schon bald ein super Boden zum Fahren.<\/p>\n<p>Travis hatte einen Kids-Cup lauf hier in Ossingen. Ca 36 Fahrer waren angereist. Ein riesen Feld und Travis k\u00e4mpfte im Training um einen Startplatz am Gatter. Am Samstag ging das Problemlos doch am Sonntag musste er in der sehr stark gew\u00e4sserten Strecke hart k\u00e4mpfen und konnte leider die Top 30 nicht knacken. Dies w\u00e4re aber n\u00f6tig gewesen um in der ersten Reihe starten zu k\u00f6nnen. Die Rennen verliefen nicht schlecht aber auch nicht optimal. Nach immer sehr verhaltenen Starts k\u00e4mpfte er sich dann aber z\u00fcgig durch das Feld und konnte alle 4 L\u00e4ufe in den Top 25 beenden.<\/p>\n<p>Kimi bl\u00fchte hier richtig auf. Eine sehr spannende Vierergruppe mit Baumann, K\u00fcndig, Schneider und Kimi die jeweils nur gerade eine Sekunde getrennt waren in den Rundenzeiten boten Racing, dass einem richtig kalt den R\u00fccken runter lief. Ein kleiner Fehler und du warst am Schluss der Gruppe. Kimi fightete fast das ganze Wochenende mit Moritz Baumann. Genial und Mega fair wie die beiden sich duellierten. Kimi konnte mit den Pl\u00e4tzen 11 und 8 am Samstag und am Sonntag sogar mit 7 und 6 mehr als zufrieden sein.<\/p>\n<p>Mason versuchte sich auch wieder am Start. Er zog saubere Runden und wurde am Sonntag sogar nicht mal letzter. F\u00fcr ihn wird es jedoch langsam Zeit, dass auch er ein gr\u00f6sseres Bike bekommt. Bestellt ist es und wird ca Ende Juni ausgeliefert. Wir freuen uns schon darauf.<\/p>\n<p>Weiter geht es bereits am n\u00e4chsten Samstag in Sch\u00f6nenberg ZH. Es ist wieder KIDS-Cup, das heisst viele, schnelle Fahrer in der Kategorie von Travis. Das Ziel erste Reihe am Balken muss er wieder hart erk\u00e4mpfen. Kimi daher hat mehr Chancen auf ein weiteres Top-Resultat da zwei Spitzen-Fahrer in Italien an einem internationalen Rennen sind. Man wird sehen was geht. Wir hoffen auf viele Fans am Streckenrand.<\/p>\n","protected":false},"excerpt":{"rendered":"<p>Am letzten Weekend ging es nach Ossingen. An diese Veranstaltungen denken wir sehr gerne zur\u00fcck, konnte Kimi und Travis doch hier im letzten Jahr ihre 3. Pl\u00e4tze in der Meisterschaft feiern. Nun war das Rennen am Anfang der Saison. Die Strecke war fast gleich und auch das Fahrerlager war wieder Top. Der starke Regen den &hellip; <a href=\"http:\/\/k-t-m.ch\/MX\/wordpress\/rennbericht-sjmcc-ossingen-2\/\" class=\"more-link\"><span class=\"screen-reader-text\">Rennbericht SJMCC Ossingen<\/span> weiterlesen <span class=\"meta-nav\">&rarr;<\/span><\/a><\/p>\n","protected":false},"author":1,"featured_media":0,"comment_status":"closed","ping_status":"open","sticky":false,"template":"","format":"standard","meta":[],"categories":[10,13,16,9,18],"tags":[],"_links":{"self":[{"href":"http:\/\/k-t-m.ch\/MX\/wordpress\/wp-json\/wp\/v2\/posts\/1536"}],"collection":[{"href":"http:\/\/k-t-m.ch\/MX\/wordpress\/wp-json\/wp\/v2\/posts"}],"about":[{"href":"http:\/\/k-t-m.ch\/MX\/wordpress\/wp-json\/wp\/v2\/types\/post"}],"author":[{"embeddable":true,"href":"http:\/\/k-t-m.ch\/MX\/wordpress\/wp-json\/wp\/v2\/users\/1"}],"replies":[{"embeddable":true,"href":"http:\/\/k-t-m.ch\/MX\/wordpress\/wp-json\/wp\/v2\/comments?post=1536"}],"version-history":[{"count":2,"href":"http:\/\/k-t-m.ch\/MX\/wordpress\/wp-json\/wp\/v2\/posts\/1536\/revisions"}],"predecessor-version":[{"id":1538,"href":"http:\/\/k-t-m.ch\/MX\/wordpress\/wp-json\/wp\/v2\/posts\/1536\/revisions\/1538"}],"wp:attachment":[{"href":"http:\/\/k-t-m.ch\/MX\/wordpress\/wp-json\/wp\/v2\/media?parent=1536"}],"wp:term":[{"taxonomy":"category","embeddable":true,"href":"http:\/\/k-t-m.ch\/MX\/wordpress\/wp-json\/wp\/v2\/categories?post=1536"},{"taxonomy":"post_tag","embeddable":true,"href":"http:\/\/k-t-m.ch\/MX\/wordpress\/wp-json\/wp\/v2\/tags?post=1536"}],"curies":[{"name":"wp","href":"https:\/\/api.w.org\/{rel}","templated":true}]}}