{"id":1696,"date":"2016-04-25T18:27:32","date_gmt":"2016-04-25T18:27:32","guid":{"rendered":"http:\/\/k-t-m.ch\/MX\/wordpress\/?p=1696"},"modified":"2016-04-25T18:29:53","modified_gmt":"2016-04-25T18:29:53","slug":"rennbericht-sjmcc-schlatt-2","status":"publish","type":"post","link":"http:\/\/k-t-m.ch\/MX\/wordpress\/rennbericht-sjmcc-schlatt-2\/","title":{"rendered":"Rennbericht SJMCC Schlatt"},"content":{"rendered":"<p>Was der Wetterbericht f\u00fcr dieses Wochenende vorhersagte, war nicht gerade das, wonach unser MX-Herz begehrte. Doch der Veranstalter wurde f\u00fcr seinen Mut belohnt und am Samstag konnten alle ihre ersten L\u00e4ufe bei perfekten Bedingungen absolvieren.<\/p>\n<p><img loading=\"lazy\" class=\"wp-image-1701 size-medium alignnone\" src=\"http:\/\/k-t-m.ch\/MX\/wordpress\/wp-content\/uploads\/2016\/04\/IMG_0660-200x300.jpg\" alt=\"IMG_0660\" width=\"200\" height=\"300\" srcset=\"http:\/\/k-t-m.ch\/MX\/wordpress\/wp-content\/uploads\/2016\/04\/IMG_0660-200x300.jpg 200w, http:\/\/k-t-m.ch\/MX\/wordpress\/wp-content\/uploads\/2016\/04\/IMG_0660.jpg 683w\" sizes=\"(max-width: 200px) 100vw, 200px\" \/> <img loading=\"lazy\" class=\"size-medium wp-image-1700 alignnone\" src=\"http:\/\/k-t-m.ch\/MX\/wordpress\/wp-content\/uploads\/2016\/04\/IMG_0657-200x300.jpg\" alt=\"IMG_0657\" width=\"200\" height=\"300\" srcset=\"http:\/\/k-t-m.ch\/MX\/wordpress\/wp-content\/uploads\/2016\/04\/IMG_0657-200x300.jpg 200w, http:\/\/k-t-m.ch\/MX\/wordpress\/wp-content\/uploads\/2016\/04\/IMG_0657.jpg 683w\" sizes=\"(max-width: 200px) 100vw, 200px\" \/><\/p>\n<p>Mason und Travis zeigten beide super Rennen. Mason wurde toller 9. Er macht das sehr gut und steht immer wunderbar auf dem Bike. Travis klassierte sich als 10. Ebenfalls sehr gut. Bei seinem Lauf begann es dann richtig zu Regnen und die letzten drei Runden waren die reinste Rutschpartie. Doch Travis fand eine super Linie und musste als einer der wenigen nie eine Bodenprobe nehmen. So konnte er Fahrer um Fahrer noch \u00fcberholen und fuhr das tolle Resultat nach Hause.<\/p>\n<p><img loading=\"lazy\" class=\"size-medium wp-image-1702 aligncenter\" src=\"http:\/\/k-t-m.ch\/MX\/wordpress\/wp-content\/uploads\/2016\/04\/IMG_0662-200x300.jpg\" alt=\"IMG_0662\" width=\"200\" height=\"300\" srcset=\"http:\/\/k-t-m.ch\/MX\/wordpress\/wp-content\/uploads\/2016\/04\/IMG_0662-200x300.jpg 200w, http:\/\/k-t-m.ch\/MX\/wordpress\/wp-content\/uploads\/2016\/04\/IMG_0662.jpg 683w\" sizes=\"(max-width: 200px) 100vw, 200px\" \/><\/p>\n<p>Kimi qualifizierte sich als 11. Im Zeittraining zusammen mit den 150er. Der Start war sehr heikel in Schlatt da es ziemlich schnell ziemlich eng wird. Super abgefahren, gut durchgezogen und dann doch hart zu Boden gerissen. Von innen wurde er von einem anderen Fahrer touchiert und konnte sich nicht mehr auf dem Bike halten. Mit viel R\u00fcckstand griff er dann ins Renngeschehen ein und kam ziemlich schnell in einen guten Rhythmus. Er \u00fcberholte einen nach dem andern und wurde bei den 85er als guter 7. Gewertet.<\/p>\n<p><img loading=\"lazy\" class=\"aligncenter size-medium wp-image-1698\" src=\"http:\/\/k-t-m.ch\/MX\/wordpress\/wp-content\/uploads\/2016\/04\/IMG_0652-300x200.jpg\" alt=\"IMG_0652\" width=\"300\" height=\"200\" srcset=\"http:\/\/k-t-m.ch\/MX\/wordpress\/wp-content\/uploads\/2016\/04\/IMG_0652-300x200.jpg 300w, http:\/\/k-t-m.ch\/MX\/wordpress\/wp-content\/uploads\/2016\/04\/IMG_0652-768x512.jpg 768w, http:\/\/k-t-m.ch\/MX\/wordpress\/wp-content\/uploads\/2016\/04\/IMG_0652.jpg 1024w\" sizes=\"(max-width: 300px) 100vw, 300px\" \/><\/p>\n<p>Von allen dreien ein super Resultat das hoffentlich am n\u00e4chsten Weekend in Mauren TG seine Fortsetzung findet. Mason hat sein Rennen am Samstag und Kimi probiert am Abend nochmals einen Start beim 90 Minuten Cross-Country. Dieses Jahr hoffentlich mit etwas weniger Schlamm. Am Sonntag f\u00e4hrt dann Travis seinen Meisterschaftslauf und Kimi startet mit einer Tageslizenz beim SAM-Nachwuchs. See you on the Track<\/p>\n<figure id=\"attachment_1697\" aria-describedby=\"caption-attachment-1697\" style=\"width: 474px\" class=\"wp-caption aligncenter\"><img loading=\"lazy\" class=\"wp-image-1697 size-large\" src=\"http:\/\/k-t-m.ch\/MX\/wordpress\/wp-content\/uploads\/2016\/04\/IMG_0651-1024x768.jpg\" alt=\"IMG_0651\" width=\"474\" height=\"356\" srcset=\"http:\/\/k-t-m.ch\/MX\/wordpress\/wp-content\/uploads\/2016\/04\/IMG_0651-1024x768.jpg 1024w, http:\/\/k-t-m.ch\/MX\/wordpress\/wp-content\/uploads\/2016\/04\/IMG_0651-300x225.jpg 300w, http:\/\/k-t-m.ch\/MX\/wordpress\/wp-content\/uploads\/2016\/04\/IMG_0651-768x576.jpg 768w\" sizes=\"(max-width: 474px) 100vw, 474px\" \/><figcaption id=\"caption-attachment-1697\" class=\"wp-caption-text\">Der April zeigte in Schlatt zu was er f\u00e4hig ist&#8230;<\/figcaption><\/figure>\n<p>Fotos von <a href=\"https:\/\/494.mx\/2016\/Schlatt%20bei%20Winterthur\/\" target=\"_blank\">494.mx<\/a><\/p>\n","protected":false},"excerpt":{"rendered":"<p>Was der Wetterbericht f\u00fcr dieses Wochenende vorhersagte, war nicht gerade das, wonach unser MX-Herz begehrte. Doch der Veranstalter wurde f\u00fcr seinen Mut belohnt und am Samstag konnten alle ihre ersten L\u00e4ufe bei perfekten Bedingungen absolvieren. Mason und Travis zeigten beide super Rennen. Mason wurde toller 9. Er macht das sehr gut und steht immer wunderbar &hellip; <a href=\"http:\/\/k-t-m.ch\/MX\/wordpress\/rennbericht-sjmcc-schlatt-2\/\" class=\"more-link\"><span class=\"screen-reader-text\">Rennbericht SJMCC Schlatt<\/span> weiterlesen <span class=\"meta-nav\">&rarr;<\/span><\/a><\/p>\n","protected":false},"author":1,"featured_media":0,"comment_status":"closed","ping_status":"open","sticky":false,"template":"","format":"standard","meta":[],"categories":[10,13,16,12,9,18],"tags":[],"_links":{"self":[{"href":"http:\/\/k-t-m.ch\/MX\/wordpress\/wp-json\/wp\/v2\/posts\/1696"}],"collection":[{"href":"http:\/\/k-t-m.ch\/MX\/wordpress\/wp-json\/wp\/v2\/posts"}],"about":[{"href":"http:\/\/k-t-m.ch\/MX\/wordpress\/wp-json\/wp\/v2\/types\/post"}],"author":[{"embeddable":true,"href":"http:\/\/k-t-m.ch\/MX\/wordpress\/wp-json\/wp\/v2\/users\/1"}],"replies":[{"embeddable":true,"href":"http:\/\/k-t-m.ch\/MX\/wordpress\/wp-json\/wp\/v2\/comments?post=1696"}],"version-history":[{"count":3,"href":"http:\/\/k-t-m.ch\/MX\/wordpress\/wp-json\/wp\/v2\/posts\/1696\/revisions"}],"predecessor-version":[{"id":1705,"href":"http:\/\/k-t-m.ch\/MX\/wordpress\/wp-json\/wp\/v2\/posts\/1696\/revisions\/1705"}],"wp:attachment":[{"href":"http:\/\/k-t-m.ch\/MX\/wordpress\/wp-json\/wp\/v2\/media?parent=1696"}],"wp:term":[{"taxonomy":"category","embeddable":true,"href":"http:\/\/k-t-m.ch\/MX\/wordpress\/wp-json\/wp\/v2\/categories?post=1696"},{"taxonomy":"post_tag","embeddable":true,"href":"http:\/\/k-t-m.ch\/MX\/wordpress\/wp-json\/wp\/v2\/tags?post=1696"}],"curies":[{"name":"wp","href":"https:\/\/api.w.org\/{rel}","templated":true}]}}