{"id":210,"date":"2011-09-01T12:41:34","date_gmt":"2011-09-01T12:41:34","guid":{"rendered":"http:\/\/k-t-m.ch\/MX\/wordpress\/?p=210"},"modified":"2011-09-01T12:43:32","modified_gmt":"2011-09-01T12:43:32","slug":"tagesprogramme-vom-nachsten-weekend-in-sirnach-tg","status":"publish","type":"post","link":"http:\/\/k-t-m.ch\/MX\/wordpress\/tagesprogramme-vom-nachsten-weekend-in-sirnach-tg\/","title":{"rendered":"Tagesprogramme vom n\u00e4chsten Weekend in Sirnach TG"},"content":{"rendered":"<p>Wir w\u00fcrden uns \u00fcber jeden Besuch herzlich freuen. Kimi f\u00e4hrt Samstag und Sonntag. Details k\u00f6nnt ihr den angeh\u00e4ngten PDF&#8217;s entnehmen.<\/p>\n<p><a href=\"http:\/\/k-t-m.ch\/MX\/wordpress\/wp-content\/uploads\/2011\/09\/tpsirnachsa.pdf\" target=\"_blank\">Tagesprogramm Samstag<\/a><\/p>\n<p><a href=\"http:\/\/k-t-m.ch\/MX\/wordpress\/wp-content\/uploads\/2011\/09\/tpsirnachso.pdf\" target=\"_blank\">Tagesprogramm Sonntag<\/a><\/p>\n","protected":false},"excerpt":{"rendered":"<p>Wir w\u00fcrden uns \u00fcber jeden Besuch herzlich freuen. Kimi f\u00e4hrt Samstag und Sonntag. Details k\u00f6nnt ihr den angeh\u00e4ngten PDF&#8217;s entnehmen. Tagesprogramm Samstag Tagesprogramm Sonntag<\/p>\n","protected":false},"author":1,"featured_media":0,"comment_status":"closed","ping_status":"open","sticky":false,"template":"","format":"standard","meta":[],"categories":[10,13,9,15],"tags":[],"_links":{"self":[{"href":"http:\/\/k-t-m.ch\/MX\/wordpress\/wp-json\/wp\/v2\/posts\/210"}],"collection":[{"href":"http:\/\/k-t-m.ch\/MX\/wordpress\/wp-json\/wp\/v2\/posts"}],"about":[{"href":"http:\/\/k-t-m.ch\/MX\/wordpress\/wp-json\/wp\/v2\/types\/post"}],"author":[{"embeddable":true,"href":"http:\/\/k-t-m.ch\/MX\/wordpress\/wp-json\/wp\/v2\/users\/1"}],"replies":[{"embeddable":true,"href":"http:\/\/k-t-m.ch\/MX\/wordpress\/wp-json\/wp\/v2\/comments?post=210"}],"version-history":[{"count":2,"href":"http:\/\/k-t-m.ch\/MX\/wordpress\/wp-json\/wp\/v2\/posts\/210\/revisions"}],"predecessor-version":[{"id":214,"href":"http:\/\/k-t-m.ch\/MX\/wordpress\/wp-json\/wp\/v2\/posts\/210\/revisions\/214"}],"wp:attachment":[{"href":"http:\/\/k-t-m.ch\/MX\/wordpress\/wp-json\/wp\/v2\/media?parent=210"}],"wp:term":[{"taxonomy":"category","embeddable":true,"href":"http:\/\/k-t-m.ch\/MX\/wordpress\/wp-json\/wp\/v2\/categories?post=210"},{"taxonomy":"post_tag","embeddable":true,"href":"http:\/\/k-t-m.ch\/MX\/wordpress\/wp-json\/wp\/v2\/tags?post=210"}],"curies":[{"name":"wp","href":"https:\/\/api.w.org\/{rel}","templated":true}]}}