{"id":227,"date":"2011-09-23T06:07:37","date_gmt":"2011-09-23T06:07:37","guid":{"rendered":"http:\/\/k-t-m.ch\/MX\/wordpress\/?p=227"},"modified":"2011-09-23T06:07:37","modified_gmt":"2011-09-23T06:07:37","slug":"noch-zwei-weekend","status":"publish","type":"post","link":"http:\/\/k-t-m.ch\/MX\/wordpress\/noch-zwei-weekend\/","title":{"rendered":"noch zwei Weekend"},"content":{"rendered":"<p>Noch zwei Rennwochenende stehen uns in dieser Saison bevor. Und f\u00fcr uns sind das zugleich zwei Heimrennen. Zuerst geht es an diesem Weekend auf die legend\u00e4re Strecke von Amriswil. Ein Hammerprogramm mit vielen Highlights wird geboten. Alle Jugendklassen \u00fcber Oldtimer bis hin zu den Seitenwagen-EM am Sonntag.<\/p>\n<p><strong>Kimi f\u00e4hrt am Sonntag um 0850 das Training. Die L\u00e4ufe sind dann um 1150 und 1525 Uhr.<\/strong><\/p>\n<p>Weiter geht es dann gleich eine Woche sp\u00e4ter mit dem Finale der Jugend-Cross-Serie. Zu Gast sind wir dann in W\u00e4ngi TG. Als besondere Leckerbissen bieten wir euch dort die Premiere von Travis. Er wird dort sein erstes Rennen bestreiten. Es w\u00fcrde uns freuen, euch an einem der letzten Weekend\u2019s bei uns auf dem Rennplatz zu besuchen. \u00a0<\/p>\n<p><a href=\"http:\/\/k-t-m.ch\/MX\/wordpress\/wp-content\/uploads\/2011\/09\/tpamriswil.pdf\">Tagesprogramm Amriswil<\/a><\/p>\n<p><a href=\"http:\/\/k-t-m.ch\/MX\/wordpress\/wp-content\/uploads\/2011\/09\/wan_tp_sa.pdf\">Tagesprogramm W\u00e4ngi Samstag<\/a><\/p>\n<p><a href=\"http:\/\/k-t-m.ch\/MX\/wordpress\/wp-content\/uploads\/2011\/09\/wan_tp_so.pdf\">Tagesprogramm W\u00e4ngi Sonntag<\/a><\/p>\n","protected":false},"excerpt":{"rendered":"<p>Noch zwei Rennwochenende stehen uns in dieser Saison bevor. Und f\u00fcr uns sind das zugleich zwei Heimrennen. Zuerst geht es an diesem Weekend auf die legend\u00e4re Strecke von Amriswil. Ein Hammerprogramm mit vielen Highlights wird geboten. Alle Jugendklassen \u00fcber Oldtimer bis hin zu den Seitenwagen-EM am Sonntag. Kimi f\u00e4hrt am Sonntag um 0850 das Training. &hellip; <a href=\"http:\/\/k-t-m.ch\/MX\/wordpress\/noch-zwei-weekend\/\" class=\"more-link\"><span class=\"screen-reader-text\">noch zwei Weekend<\/span> weiterlesen <span class=\"meta-nav\">&rarr;<\/span><\/a><\/p>\n","protected":false},"author":1,"featured_media":0,"comment_status":"closed","ping_status":"open","sticky":false,"template":"","format":"standard","meta":[],"categories":[10,13,12,9,15,18],"tags":[],"_links":{"self":[{"href":"http:\/\/k-t-m.ch\/MX\/wordpress\/wp-json\/wp\/v2\/posts\/227"}],"collection":[{"href":"http:\/\/k-t-m.ch\/MX\/wordpress\/wp-json\/wp\/v2\/posts"}],"about":[{"href":"http:\/\/k-t-m.ch\/MX\/wordpress\/wp-json\/wp\/v2\/types\/post"}],"author":[{"embeddable":true,"href":"http:\/\/k-t-m.ch\/MX\/wordpress\/wp-json\/wp\/v2\/users\/1"}],"replies":[{"embeddable":true,"href":"http:\/\/k-t-m.ch\/MX\/wordpress\/wp-json\/wp\/v2\/comments?post=227"}],"version-history":[{"count":1,"href":"http:\/\/k-t-m.ch\/MX\/wordpress\/wp-json\/wp\/v2\/posts\/227\/revisions"}],"predecessor-version":[{"id":231,"href":"http:\/\/k-t-m.ch\/MX\/wordpress\/wp-json\/wp\/v2\/posts\/227\/revisions\/231"}],"wp:attachment":[{"href":"http:\/\/k-t-m.ch\/MX\/wordpress\/wp-json\/wp\/v2\/media?parent=227"}],"wp:term":[{"taxonomy":"category","embeddable":true,"href":"http:\/\/k-t-m.ch\/MX\/wordpress\/wp-json\/wp\/v2\/categories?post=227"},{"taxonomy":"post_tag","embeddable":true,"href":"http:\/\/k-t-m.ch\/MX\/wordpress\/wp-json\/wp\/v2\/tags?post=227"}],"curies":[{"name":"wp","href":"https:\/\/api.w.org\/{rel}","templated":true}]}}