{"id":233,"date":"2011-09-27T06:44:39","date_gmt":"2011-09-27T06:44:39","guid":{"rendered":"http:\/\/k-t-m.ch\/MX\/wordpress\/?p=233"},"modified":"2011-09-27T06:46:32","modified_gmt":"2011-09-27T06:46:32","slug":"bericht-mx-amriswil","status":"publish","type":"post","link":"http:\/\/k-t-m.ch\/MX\/wordpress\/bericht-mx-amriswil\/","title":{"rendered":"Bericht MX Amriswil"},"content":{"rendered":"<p>Ich arbeitete dieses Weekend wieder einmal f\u00fcr den SAM. Am Samstag wie auch am Sonntag hatten wir perfekte Bedingungen. Es war richtig geil, den Jungs beim fahren zuzusehen. Bei solchen Veranstaltungen, wo einfach alles perfekt l\u00e4uft, macht es grossen Spass zu arbeiten.<\/p>\n<p>Kimi hatte sein Rennen am Sonntag. Mit dem elften Platz im Zeittraining war er nicht wirklich zufrieden. Doch bei den L\u00e4ufen steigerte er sich von Runde zu Runde und fuhr immer schneller, so dass er im zweiten Lauf sogar auf dem guten 7. Platz ins Ziel kam. Mit dem 9. Platz aus dem ersten Lauf ergab dies dann den guten 8. Platz im Tagesklassement.<\/p>\n<p>Jetzt freuen wir uns noch auf das Finale in W\u00e4ngi vom n\u00e4chsten Weekend. Das Wetter scheint TOP zu werden und wir sind alle Motiviert und freuen und auf allf\u00e4lligen Besuch. Bis dann\u2026<\/p>\n","protected":false},"excerpt":{"rendered":"<p>Ich arbeitete dieses Weekend wieder einmal f\u00fcr den SAM. Am Samstag wie auch am Sonntag hatten wir perfekte Bedingungen. Es war richtig geil, den Jungs beim fahren zuzusehen. Bei solchen Veranstaltungen, wo einfach alles perfekt l\u00e4uft, macht es grossen Spass zu arbeiten. Kimi hatte sein Rennen am Sonntag. Mit dem elften Platz im Zeittraining war &hellip; <a href=\"http:\/\/k-t-m.ch\/MX\/wordpress\/bericht-mx-amriswil\/\" class=\"more-link\"><span class=\"screen-reader-text\">Bericht MX Amriswil<\/span> weiterlesen <span class=\"meta-nav\">&rarr;<\/span><\/a><\/p>\n","protected":false},"author":1,"featured_media":0,"comment_status":"closed","ping_status":"open","sticky":false,"template":"","format":"standard","meta":[],"categories":[10,13,11,12,9],"tags":[],"_links":{"self":[{"href":"http:\/\/k-t-m.ch\/MX\/wordpress\/wp-json\/wp\/v2\/posts\/233"}],"collection":[{"href":"http:\/\/k-t-m.ch\/MX\/wordpress\/wp-json\/wp\/v2\/posts"}],"about":[{"href":"http:\/\/k-t-m.ch\/MX\/wordpress\/wp-json\/wp\/v2\/types\/post"}],"author":[{"embeddable":true,"href":"http:\/\/k-t-m.ch\/MX\/wordpress\/wp-json\/wp\/v2\/users\/1"}],"replies":[{"embeddable":true,"href":"http:\/\/k-t-m.ch\/MX\/wordpress\/wp-json\/wp\/v2\/comments?post=233"}],"version-history":[{"count":2,"href":"http:\/\/k-t-m.ch\/MX\/wordpress\/wp-json\/wp\/v2\/posts\/233\/revisions"}],"predecessor-version":[{"id":235,"href":"http:\/\/k-t-m.ch\/MX\/wordpress\/wp-json\/wp\/v2\/posts\/233\/revisions\/235"}],"wp:attachment":[{"href":"http:\/\/k-t-m.ch\/MX\/wordpress\/wp-json\/wp\/v2\/media?parent=233"}],"wp:term":[{"taxonomy":"category","embeddable":true,"href":"http:\/\/k-t-m.ch\/MX\/wordpress\/wp-json\/wp\/v2\/categories?post=233"},{"taxonomy":"post_tag","embeddable":true,"href":"http:\/\/k-t-m.ch\/MX\/wordpress\/wp-json\/wp\/v2\/tags?post=233"}],"curies":[{"name":"wp","href":"https:\/\/api.w.org\/{rel}","templated":true}]}}