{"id":332,"date":"2012-03-05T09:55:35","date_gmt":"2012-03-05T09:55:35","guid":{"rendered":"http:\/\/k-t-m.ch\/MX\/wordpress\/?p=332"},"modified":"2012-03-05T22:08:39","modified_gmt":"2012-03-05T22:08:39","slug":"bald-gehts-los","status":"publish","type":"post","link":"http:\/\/k-t-m.ch\/MX\/wordpress\/bald-gehts-los\/","title":{"rendered":"Bald geht&#8217;s los"},"content":{"rendered":"<p>Das Team Isler steht mitten in den Vorbereitungen f\u00fcr die Saison 2012. Zum Gl\u00fcck d\u00fcrfen wir wieder ganz in der N\u00e4he auf einem Acker trainieren und k\u00f6nnen uns daher weite Anfahrtswege erspahren. Dem Landbesitzer an dieser Stelle ein recht herzliches Dankesch\u00f6n. Kimi hat gut aufgepasst beim vielen Videoschauen \u00fcber den Winter und ist schon nach zwei Trainings recht ordentlich unterwegs. Hier noch ein kleines Video aus unserem Trainingsbetrieb.<\/p>\n<p>[youtube]http:\/\/www.youtube.com\/watch?v=LmDOKphoh5Y[\/youtube]<\/p>\n<p>&nbsp;<\/p>\n","protected":false},"excerpt":{"rendered":"<p>Das Team Isler steht mitten in den Vorbereitungen f\u00fcr die Saison 2012. Zum Gl\u00fcck d\u00fcrfen wir wieder ganz in der N\u00e4he auf einem Acker trainieren und k\u00f6nnen uns daher weite Anfahrtswege erspahren. Dem Landbesitzer an dieser Stelle ein recht herzliches Dankesch\u00f6n. Kimi hat gut aufgepasst beim vielen Videoschauen \u00fcber den Winter und ist schon nach &hellip; <a href=\"http:\/\/k-t-m.ch\/MX\/wordpress\/bald-gehts-los\/\" class=\"more-link\"><span class=\"screen-reader-text\">Bald geht&#8217;s los<\/span> weiterlesen <span class=\"meta-nav\">&rarr;<\/span><\/a><\/p>\n","protected":false},"author":1,"featured_media":0,"comment_status":"closed","ping_status":"open","sticky":false,"template":"","format":"standard","meta":[],"categories":[10,13,14],"tags":[],"_links":{"self":[{"href":"http:\/\/k-t-m.ch\/MX\/wordpress\/wp-json\/wp\/v2\/posts\/332"}],"collection":[{"href":"http:\/\/k-t-m.ch\/MX\/wordpress\/wp-json\/wp\/v2\/posts"}],"about":[{"href":"http:\/\/k-t-m.ch\/MX\/wordpress\/wp-json\/wp\/v2\/types\/post"}],"author":[{"embeddable":true,"href":"http:\/\/k-t-m.ch\/MX\/wordpress\/wp-json\/wp\/v2\/users\/1"}],"replies":[{"embeddable":true,"href":"http:\/\/k-t-m.ch\/MX\/wordpress\/wp-json\/wp\/v2\/comments?post=332"}],"version-history":[{"count":5,"href":"http:\/\/k-t-m.ch\/MX\/wordpress\/wp-json\/wp\/v2\/posts\/332\/revisions"}],"predecessor-version":[{"id":338,"href":"http:\/\/k-t-m.ch\/MX\/wordpress\/wp-json\/wp\/v2\/posts\/332\/revisions\/338"}],"wp:attachment":[{"href":"http:\/\/k-t-m.ch\/MX\/wordpress\/wp-json\/wp\/v2\/media?parent=332"}],"wp:term":[{"taxonomy":"category","embeddable":true,"href":"http:\/\/k-t-m.ch\/MX\/wordpress\/wp-json\/wp\/v2\/categories?post=332"},{"taxonomy":"post_tag","embeddable":true,"href":"http:\/\/k-t-m.ch\/MX\/wordpress\/wp-json\/wp\/v2\/tags?post=332"}],"curies":[{"name":"wp","href":"https:\/\/api.w.org\/{rel}","templated":true}]}}