{"id":366,"date":"2012-04-13T08:09:36","date_gmt":"2012-04-13T08:09:36","guid":{"rendered":"http:\/\/k-t-m.ch\/MX\/wordpress\/?p=366"},"modified":"2012-04-13T08:09:59","modified_gmt":"2012-04-13T08:09:59","slug":"club-rennen-wohlen-abgesagt","status":"publish","type":"post","link":"http:\/\/k-t-m.ch\/MX\/wordpress\/club-rennen-wohlen-abgesagt\/","title":{"rendered":"Club-Rennen Wohlen vom 15.4. abgesagt!!!"},"content":{"rendered":"<p>Leider k\u00f6nnen wir die Rennen am Sonntag in Wohlen nicht durchf\u00fchren. Der Schaden w\u00e4re zu gross und man w\u00fcrde das Hauptweekend sehr stark gef\u00e4hrden. Der Veranstalter bittet um Entschuldigung und hofft, euch alle am Hauptweekend begr\u00fcssen zu k\u00f6nnen.<\/p>\n","protected":false},"excerpt":{"rendered":"<p>Leider k\u00f6nnen wir die Rennen am Sonntag in Wohlen nicht durchf\u00fchren. Der Schaden w\u00e4re zu gross und man w\u00fcrde das Hauptweekend sehr stark gef\u00e4hrden. Der Veranstalter bittet um Entschuldigung und hofft, euch alle am Hauptweekend begr\u00fcssen zu k\u00f6nnen.<\/p>\n","protected":false},"author":1,"featured_media":0,"comment_status":"closed","ping_status":"open","sticky":false,"template":"","format":"standard","meta":[],"categories":[1,8,12,15],"tags":[],"_links":{"self":[{"href":"http:\/\/k-t-m.ch\/MX\/wordpress\/wp-json\/wp\/v2\/posts\/366"}],"collection":[{"href":"http:\/\/k-t-m.ch\/MX\/wordpress\/wp-json\/wp\/v2\/posts"}],"about":[{"href":"http:\/\/k-t-m.ch\/MX\/wordpress\/wp-json\/wp\/v2\/types\/post"}],"author":[{"embeddable":true,"href":"http:\/\/k-t-m.ch\/MX\/wordpress\/wp-json\/wp\/v2\/users\/1"}],"replies":[{"embeddable":true,"href":"http:\/\/k-t-m.ch\/MX\/wordpress\/wp-json\/wp\/v2\/comments?post=366"}],"version-history":[{"count":2,"href":"http:\/\/k-t-m.ch\/MX\/wordpress\/wp-json\/wp\/v2\/posts\/366\/revisions"}],"predecessor-version":[{"id":368,"href":"http:\/\/k-t-m.ch\/MX\/wordpress\/wp-json\/wp\/v2\/posts\/366\/revisions\/368"}],"wp:attachment":[{"href":"http:\/\/k-t-m.ch\/MX\/wordpress\/wp-json\/wp\/v2\/media?parent=366"}],"wp:term":[{"taxonomy":"category","embeddable":true,"href":"http:\/\/k-t-m.ch\/MX\/wordpress\/wp-json\/wp\/v2\/categories?post=366"},{"taxonomy":"post_tag","embeddable":true,"href":"http:\/\/k-t-m.ch\/MX\/wordpress\/wp-json\/wp\/v2\/tags?post=366"}],"curies":[{"name":"wp","href":"https:\/\/api.w.org\/{rel}","templated":true}]}}