{"id":381,"date":"2012-04-29T21:04:08","date_gmt":"2012-04-29T21:04:08","guid":{"rendered":"http:\/\/k-t-m.ch\/MX\/wordpress\/?p=381"},"modified":"2012-04-29T21:04:08","modified_gmt":"2012-04-29T21:04:08","slug":"rennbericht-schlatt-saisonstart","status":"publish","type":"post","link":"http:\/\/k-t-m.ch\/MX\/wordpress\/rennbericht-schlatt-saisonstart\/","title":{"rendered":"Rennbericht Schlatt, Saisonstart"},"content":{"rendered":"<p>Endlich geht die Saison auch f\u00fcr unsere Kids los. In Schlatt durften der SJMCC als Gast bei der SAM-Veranstaltung mitfahren. Dies bedeutet f\u00fcr uns, dass bereits das erste Rennen Sandra alleine machen muss. Und wie so oft im Vorfeld, es l\u00e4uft ziemlich viel Schief. Neuer Pneu aufgezogen am Freitag und Schlauch zerstochen. Kein Schlauch etc, \u201ealso \u00e4n hu\u00e4r\u00e4 Str\u00e4ss\u201c und Marco war als Funktion\u00e4r im Einsatz und auch nicht erreichbar. Nach langem suchen flickte Roli Koch #12(DANKE) den Schaden und das neue Hinterrad konnte eingebaut werden.<\/p>\n<p>Nun war alles bereit zum Zeittraining. Die Piste war sehr bis fast sehr schwer einzustufen. Viele Schr\u00e4gpassagen und Steile auf und Abfahrten machten es den Kids nicht leicht. Travis ist ein genialer Motorradfahrer. Er steht immer senkrecht auf dem Motorrad und dreht seine Runden. Solange er nicht absteigen muss, kommt alles gut. Kimi war richtig motiviert und da Joel Stierli am Morgen gar nicht auf Touren kam, konnte Kimi den supertollen dritten Platz im Zeittraining holen. Gratulation.<\/p>\n<p>Kimi nahm den ersten Lauf nun voll motiviert in Angriff. Ein richtig spannendes Rennen wurde es. Am Start hatte Kimi noch m\u00e4chtig Probleme aber er fing sich sofort wieder und nach der ersten Kurve war er schon dritter. hinter im fuhr Joel und machte m\u00e4chtig Druck. Leider hob Kimi ein Stein das klein Hinterrad etwas ab und er stellte sich kurz quer. Joel zog an ihm vorbei. Bis ins Ziel kam er dann wieder bis auf \u00a0\u201e1 Centelsekunde\u201c an Joel heran. Es wurde der tolle vierte Rang. Travis fuhr wie im Training seine Runden. Diesmal brauchte er jedoch schon ca 20 Sekunden weniger lang pro Runde.<\/p>\n<p>Im zweiten Lauf lief alles ein bisschen anderst. Zum ersten fuhr Joel pl\u00f6tzliche wieder so, wie wir ihn kannten und holte den sehr guten 2. Platz. Kimi konnte ihm am Anfang kurz folgen aber er musste abreissen lassen. Joel fuhr einfach zu schnell. Doch Pl\u00f6tzlich tauchte vor Kimi Leo Badertscher auf. Leo war anfangs letze Saison schon ein Mitstreiter von Kimi. Es war sch\u00f6n anzusehen, wie Kimi k\u00e4mpfte und alles gab, um Leo noch einzuholen. Leider klappte das nicht mehr aber auch hier war sein R\u00fcckstand nur noch zwei Sekunden. Daraus wurde es dann der ungl\u00fcckliche 4. Rang. Travis fand nochmals zwei Sekunden auf seiner schnellsten Runde und wurde guter 13. Ein tolle Resultat waren doch 17 Fahrer am Start.<\/p>\n<p>Weiter geht es am n\u00e4chsten Samstag in Mauren. Dort ist es dann etwas Fl\u00e4cher und man darf gespannt sein, wer hier noch alles mitmischt. Wir freuen uns drauf.<\/p>\n","protected":false},"excerpt":{"rendered":"<p>Endlich geht die Saison auch f\u00fcr unsere Kids los. In Schlatt durften der SJMCC als Gast bei der SAM-Veranstaltung mitfahren. Dies bedeutet f\u00fcr uns, dass bereits das erste Rennen Sandra alleine machen muss. Und wie so oft im Vorfeld, es l\u00e4uft ziemlich viel Schief. Neuer Pneu aufgezogen am Freitag und Schlauch zerstochen. Kein Schlauch etc, &hellip; <a href=\"http:\/\/k-t-m.ch\/MX\/wordpress\/rennbericht-schlatt-saisonstart\/\" class=\"more-link\"><span class=\"screen-reader-text\">Rennbericht Schlatt, Saisonstart<\/span> weiterlesen <span class=\"meta-nav\">&rarr;<\/span><\/a><\/p>\n","protected":false},"author":1,"featured_media":0,"comment_status":"closed","ping_status":"open","sticky":false,"template":"","format":"standard","meta":[],"categories":[10,13,9,18],"tags":[],"_links":{"self":[{"href":"http:\/\/k-t-m.ch\/MX\/wordpress\/wp-json\/wp\/v2\/posts\/381"}],"collection":[{"href":"http:\/\/k-t-m.ch\/MX\/wordpress\/wp-json\/wp\/v2\/posts"}],"about":[{"href":"http:\/\/k-t-m.ch\/MX\/wordpress\/wp-json\/wp\/v2\/types\/post"}],"author":[{"embeddable":true,"href":"http:\/\/k-t-m.ch\/MX\/wordpress\/wp-json\/wp\/v2\/users\/1"}],"replies":[{"embeddable":true,"href":"http:\/\/k-t-m.ch\/MX\/wordpress\/wp-json\/wp\/v2\/comments?post=381"}],"version-history":[{"count":1,"href":"http:\/\/k-t-m.ch\/MX\/wordpress\/wp-json\/wp\/v2\/posts\/381\/revisions"}],"predecessor-version":[{"id":382,"href":"http:\/\/k-t-m.ch\/MX\/wordpress\/wp-json\/wp\/v2\/posts\/381\/revisions\/382"}],"wp:attachment":[{"href":"http:\/\/k-t-m.ch\/MX\/wordpress\/wp-json\/wp\/v2\/media?parent=381"}],"wp:term":[{"taxonomy":"category","embeddable":true,"href":"http:\/\/k-t-m.ch\/MX\/wordpress\/wp-json\/wp\/v2\/categories?post=381"},{"taxonomy":"post_tag","embeddable":true,"href":"http:\/\/k-t-m.ch\/MX\/wordpress\/wp-json\/wp\/v2\/tags?post=381"}],"curies":[{"name":"wp","href":"https:\/\/api.w.org\/{rel}","templated":true}]}}