{"id":390,"date":"2012-05-06T19:25:11","date_gmt":"2012-05-06T19:25:11","guid":{"rendered":"http:\/\/k-t-m.ch\/MX\/wordpress\/?p=390"},"modified":"2012-05-06T19:33:46","modified_gmt":"2012-05-06T19:33:46","slug":"rennbericht-mx-mauren","status":"publish","type":"post","link":"http:\/\/k-t-m.ch\/MX\/wordpress\/rennbericht-mx-mauren\/","title":{"rendered":"Rennbericht MX Mauren"},"content":{"rendered":"<p>Bereits stand f\u00fcr uns das erste Heimrennen auf dem Programm. Es war so nah, die Jungs konnten nicht mal den Vorspann fertig schauen\u2026<\/p>\n<p>Der Samstagmorgen war dann leider ziemlich verregnet. Schon sehr fr\u00fch entschied man sich, noch bis am Mittag abzuwarten und erst dann mit den Trainings anzufangen. Das war sicher eine gute Entscheidung, h\u00f6rte es doch um elf Uhr dann auch auf zu Regnen. Schon f\u00fcr das Training f\u00fcr unsere Jungs war die Strecke dann perfekt befahrbar. Kimi hatte lange den zweiten Platz inne, doch in der Schlussphase konnten Leo Badertscher und Joel Stierli an ihm noch vorbeiziehen. F\u00fcr Travis war es doch noch etwas nass vor allem neben der Ideallinie. Doch auch er schlug sich Wacker und fuhr das komplette Training zu ende.<\/p>\n<p>Der Start zum ersten Lauf war dann am Nachmittag um vier und da es nur einen Lauf gab infolge der Regenverschiebung vom morgen, war dieser dann gleich die Entscheidung. Wir waren alle sehr gespannt, wie unsere Jungs den Start meistern werden. Kimi reite sich sofort hinter Jeol Stierli auf Platz vier ein. Vor ihnen waren Joel Elsener und Leo Badertscher. Travis hatte einen schlechten Start da es dort wenige Fahrspuhren hatte und alles sehr Rutschig war. Er k\u00e4mpfte jedoch Tapfer und konnte bis am Schluss sogar Konkurrenten \u00fcberholen. F\u00fcr ihn war es der gute 19. Platz von insgesamt 23 Eingeschriebenen Fahrern. Kimi hatte ein Mega-Rennen mit Joel. Er versuchte \u00fcberall zu Attackieren und \u00fcbte sehr viel Druck auf Joel aus. Kurz nach Rennh\u00e4lfte rutschte Joel das Hinterrad weg und Kimi konnte gerade noch ausweichen und fuhr jetzt auf dem dritten Rang. Kimi hat dann auch alles richtig gemacht und fuhr z\u00fcgig weiter. Doch was Joel nun zeigte, war richtig Krass. Er wollte um alles in der Welt Kimi wieder einholen. Im Zielbereich waren kurze Doppelspr\u00fcnge eingebaut. Von den 50ccm sprang diese jedoch bis zum jetzigen Zeitpunkt noch keiner. Kurz vor der zweitletzten Runde ist Joel bei Kimi dran. Joel erz\u00e4hlte uns anschliessend: Ich wusste wenn ich den jetzt springe dann bin ich vorne. Mami ich konnte gar nicht anderst, sonst h\u00e4tte Kimi den dritten Platz geholt!\u201c Kimi staunte nat\u00fcrlich auch nicht schlecht, als Joel pl\u00f6tzlich neben ihm auf Kopfh\u00f6he vorbeiflog. Er liess sich jedoch nicht unterkriegen und setzte noch ein paarmal nach, doch Joel verstand es hervorragend, immer kurz vor Schluss noch die Innenseite zuzumachen. Als ich das Race zuhause auf der GoPro nochmals anschaute, waren wir alle richtig Stolz auf Kimi wie hart er gefightet hat. Leider steht am Schluss nun wieder die vier. Aber bereits n\u00e4chsten Samstag haben wir die Chance auf Revanche beim Rennen in Merenschwand im Aargau.<\/p>\n","protected":false},"excerpt":{"rendered":"<p>Bereits stand f\u00fcr uns das erste Heimrennen auf dem Programm. Es war so nah, die Jungs konnten nicht mal den Vorspann fertig schauen\u2026 Der Samstagmorgen war dann leider ziemlich verregnet. Schon sehr fr\u00fch entschied man sich, noch bis am Mittag abzuwarten und erst dann mit den Trainings anzufangen. Das war sicher eine gute Entscheidung, h\u00f6rte &hellip; <a href=\"http:\/\/k-t-m.ch\/MX\/wordpress\/rennbericht-mx-mauren\/\" class=\"more-link\"><span class=\"screen-reader-text\">Rennbericht MX Mauren<\/span> weiterlesen <span class=\"meta-nav\">&rarr;<\/span><\/a><\/p>\n","protected":false},"author":1,"featured_media":0,"comment_status":"closed","ping_status":"open","sticky":false,"template":"","format":"standard","meta":[],"categories":[10,13,9,18],"tags":[],"_links":{"self":[{"href":"http:\/\/k-t-m.ch\/MX\/wordpress\/wp-json\/wp\/v2\/posts\/390"}],"collection":[{"href":"http:\/\/k-t-m.ch\/MX\/wordpress\/wp-json\/wp\/v2\/posts"}],"about":[{"href":"http:\/\/k-t-m.ch\/MX\/wordpress\/wp-json\/wp\/v2\/types\/post"}],"author":[{"embeddable":true,"href":"http:\/\/k-t-m.ch\/MX\/wordpress\/wp-json\/wp\/v2\/users\/1"}],"replies":[{"embeddable":true,"href":"http:\/\/k-t-m.ch\/MX\/wordpress\/wp-json\/wp\/v2\/comments?post=390"}],"version-history":[{"count":2,"href":"http:\/\/k-t-m.ch\/MX\/wordpress\/wp-json\/wp\/v2\/posts\/390\/revisions"}],"predecessor-version":[{"id":393,"href":"http:\/\/k-t-m.ch\/MX\/wordpress\/wp-json\/wp\/v2\/posts\/390\/revisions\/393"}],"wp:attachment":[{"href":"http:\/\/k-t-m.ch\/MX\/wordpress\/wp-json\/wp\/v2\/media?parent=390"}],"wp:term":[{"taxonomy":"category","embeddable":true,"href":"http:\/\/k-t-m.ch\/MX\/wordpress\/wp-json\/wp\/v2\/categories?post=390"},{"taxonomy":"post_tag","embeddable":true,"href":"http:\/\/k-t-m.ch\/MX\/wordpress\/wp-json\/wp\/v2\/tags?post=390"}],"curies":[{"name":"wp","href":"https:\/\/api.w.org\/{rel}","templated":true}]}}