{"id":404,"date":"2012-05-13T20:54:29","date_gmt":"2012-05-13T20:54:29","guid":{"rendered":"http:\/\/k-t-m.ch\/MX\/wordpress\/?p=404"},"modified":"2012-05-13T20:54:29","modified_gmt":"2012-05-13T20:54:29","slug":"3-lauf-merenschwand","status":"publish","type":"post","link":"http:\/\/k-t-m.ch\/MX\/wordpress\/3-lauf-merenschwand\/","title":{"rendered":"3. Lauf Merenschwand"},"content":{"rendered":"<p>Nachdem wir am Samstag dank der Verschiebung alle am Hochzeit vom Stefan und Eveline teilnehmen konnten, fuhren wir in der Nacht noch nach Affoltern und schliefen dort kurz vor der Rennstrecke. Am Sonntag herrschten Top-Wetterbedingungen und da es eine Club-Klasse gab, waren s\u00e4mtliche MX-Team-Isler Fahrer im Einsatz.<\/p>\n<p>Am Morgen im Training war es noch sehr rutschig auf der frisch gem\u00e4hten Wiese. Aber es wurde von Lauf zu Lauf besser und unsere Jungs tasteten sich im Training an die Strecke. Spr\u00fcnge gab es hier keine also war das schnelle Kurvenfahren umso wichtiger. Die Strecke war sehr eng gesteckt und das kam Kimi von Konstanz her eigentlich zugute.<\/p>\n<p>Im Zeittraining holte Marco den 7. Platz. Damit war ich sehr zu frieden. Bleibt das Training doch ziemlich auf der Strecke, Konditionell wie auch Fahrerisch. Aber eine Runde geht schon noch!!! Kimi hatte einen super Speed drauf und wurde immer schneller. Am Schluss des Zeittrainings stand die drei vor dem Namen von Kimi. Cool. Travis holte den 15. Platz von 18 Fahrern.<\/p>\n<p>Beim ersten Lauf hatte ich so einen schlechten Start wie seit langem nicht mehr. Die Tafel wurde gedreht und keine 3 sek sp\u00e4ter gings schon los. War noch v\u00f6llig nicht bereit. Tja, dann eigentlich nie wirklich auf Touren gekommen und am Schluss den 11. Platz ins Ziel gefahren. Ziemlich unspektakul\u00e4r im Gegensatz zu dem was die Kid\u2019s boten. Travis und Kimi hatten beide sehr gute Starts. Kimi ging als 2. aus den ersten Kurven hinter Joel Stierli in die erste Runde. Leider ber\u00fchrten sich Kimi und Leo und beide mussten zu Boden. Die vierergruppe war nun weit auseinandergerissen und da Kimi etwas l\u00e4nger brauchte zum weiterfahren, war da leider auch schon ein Abstand, den er nicht mehr aufholen konnte. Er war sehr entt\u00e4uscht nach dem Lauf. Nach dem super Start hat er sich viel ausgerechnet und dann der Sturz. Schade, noch ein vierter. Travis f\u00e4hrt die Geraden schon richtig mit viel Gas und auch \u00fcber die vielen L\u00f6cher ist er ohne Gross rumschauen dr\u00fcber gefahren. Er wurde 15. nur drei Sekunden hinter Latifa Schneider. Im zweiten Lauf musste ich passen. Als ich schon angezogen auf mein Bike wollte, entdeckte ich am Vorderrad rundherum ein Riss wie bei einem aufgummierten LKW-Pneu der sich abl\u00f6st. Das es am Vorderrad war, wollte ich kein Risiko eingehen und schaute dem zweiten Lauf als Zuschauer zu. Bei den Kids war es f\u00fcr Kimi eigentlich von Anfang an gelaufen. Start vierter Platz und Ende. Er liess sich nach einem guten Start von den ersten gross gewordenen Bremswellen zu fest einsch\u00fcchtern. Handelte sich schon in der ersten Runde einen R\u00fcckstand von gut 10 Sekunden auf den 3. Platz ein und dieses Loch konnte er nicht mehr schliessen. Er wurde zwar immer schneller und fuhr am Schluss sehr tolle Rundenzeiten, doch es wurde leider f\u00fcr ihn wieder ein vierter Platz. Travis konnte diesmal Latifa bis am Schluss hinter sich halten und belegte den tollen 14. Platz. Er hat ein super Sonntag hinter sich und fuhr richtig stark. Im Gesamtklassement wurde er toller 14 von 18 Fahrern. Gratulation an alle\u2026<\/p>\n<p>Weiter geht es \u00fcber Auffahrt in Frankreich. Wir werden uns ein paar gem\u00fctlich Tage g\u00f6nnen und etwas Trainieren nebenbei. HAHAHA. Bis am 16. Juni ist jetzt Meisterschaftspause und dann geht es dann weiter im Jura auf der anspruchsvollen Strecke in Ederswiler.<\/p>\n","protected":false},"excerpt":{"rendered":"<p>Nachdem wir am Samstag dank der Verschiebung alle am Hochzeit vom Stefan und Eveline teilnehmen konnten, fuhren wir in der Nacht noch nach Affoltern und schliefen dort kurz vor der Rennstrecke. Am Sonntag herrschten Top-Wetterbedingungen und da es eine Club-Klasse gab, waren s\u00e4mtliche MX-Team-Isler Fahrer im Einsatz. Am Morgen im Training war es noch sehr &hellip; <a href=\"http:\/\/k-t-m.ch\/MX\/wordpress\/3-lauf-merenschwand\/\" class=\"more-link\"><span class=\"screen-reader-text\">3. Lauf Merenschwand<\/span> weiterlesen <span class=\"meta-nav\">&rarr;<\/span><\/a><\/p>\n","protected":false},"author":1,"featured_media":0,"comment_status":"closed","ping_status":"open","sticky":false,"template":"","format":"standard","meta":[],"categories":[10,13,11,9,18],"tags":[],"_links":{"self":[{"href":"http:\/\/k-t-m.ch\/MX\/wordpress\/wp-json\/wp\/v2\/posts\/404"}],"collection":[{"href":"http:\/\/k-t-m.ch\/MX\/wordpress\/wp-json\/wp\/v2\/posts"}],"about":[{"href":"http:\/\/k-t-m.ch\/MX\/wordpress\/wp-json\/wp\/v2\/types\/post"}],"author":[{"embeddable":true,"href":"http:\/\/k-t-m.ch\/MX\/wordpress\/wp-json\/wp\/v2\/users\/1"}],"replies":[{"embeddable":true,"href":"http:\/\/k-t-m.ch\/MX\/wordpress\/wp-json\/wp\/v2\/comments?post=404"}],"version-history":[{"count":1,"href":"http:\/\/k-t-m.ch\/MX\/wordpress\/wp-json\/wp\/v2\/posts\/404\/revisions"}],"predecessor-version":[{"id":405,"href":"http:\/\/k-t-m.ch\/MX\/wordpress\/wp-json\/wp\/v2\/posts\/404\/revisions\/405"}],"wp:attachment":[{"href":"http:\/\/k-t-m.ch\/MX\/wordpress\/wp-json\/wp\/v2\/media?parent=404"}],"wp:term":[{"taxonomy":"category","embeddable":true,"href":"http:\/\/k-t-m.ch\/MX\/wordpress\/wp-json\/wp\/v2\/categories?post=404"},{"taxonomy":"post_tag","embeddable":true,"href":"http:\/\/k-t-m.ch\/MX\/wordpress\/wp-json\/wp\/v2\/tags?post=404"}],"curies":[{"name":"wp","href":"https:\/\/api.w.org\/{rel}","templated":true}]}}