{"id":436,"date":"2012-06-24T21:18:52","date_gmt":"2012-06-24T21:18:52","guid":{"rendered":"http:\/\/k-t-m.ch\/MX\/wordpress\/?p=436"},"modified":"2012-06-24T21:32:49","modified_gmt":"2012-06-24T21:32:49","slug":"rennbericht-emmingen-mit-video","status":"publish","type":"post","link":"http:\/\/k-t-m.ch\/MX\/wordpress\/rennbericht-emmingen-mit-video\/","title":{"rendered":"Rennbericht Emmingen mit Video"},"content":{"rendered":"<p>Was f\u00fcr ein Tag, so Wundersch\u00f6n wie heute&#8230;<\/p>\n<p>Emmingen scheint f\u00fcr das MX-Team Isler ein guter Ort zu sein. Schon vor ca einem Monat konnten wir von Pokalen berichten und jetzt wo wir mit dem SJMCC dort ein Meisterschaftslauf ausgetragen haben, funktioniert es schon wieder. Kimi wurde guter dritter und holte seinen ersten SJMCC-Pokal. Er fuhr zwei richtig starke L\u00e4ufe und da Joel Stierli im zweiten Lauf heftig zu Boden musste, reichte es f\u00fcr ihn endlich einmal. So schnell kann es gehen. Doch Kimi hat den zweiten Platz im zweiten Lauf nicht gestohlen. Er fuhr nach einem m\u00e4ssigen Start (3. nach der Startkurve) immer hinter Joel her und liess ihn nicht davonziehen. Es war richtig stark was er da bot.<\/p>\n<p>Travis hat im Moment etwas M\u00fche, seine Konkurrenten zu \u00fcberholen. Er k\u00f6nnte eigentlich meistens schneller fahren doch nimmt er immer das Tempo der vor ihm fahrenden an und getraut sich noch nicht so richtig zum \u00fcberholen. Er wurde guter 17 in einem 23 Mann und Frau starken Feld.<\/p>\n<p>Am n\u00e4chsten Samstag geht es dann auf der Wundersch\u00f6nen Naturstrecke in Feldkirch weiter mit der Meisterschaft.<\/p>\n<p>Hier noch ein kleiner Videozusammenschnitt.<\/p>\n<p>[youtube]http:\/\/www.youtube.com\/watch?v=ftqhumQZ8uA[\/youtube]<\/p>\n","protected":false},"excerpt":{"rendered":"<p>Was f\u00fcr ein Tag, so Wundersch\u00f6n wie heute&#8230; Emmingen scheint f\u00fcr das MX-Team Isler ein guter Ort zu sein. Schon vor ca einem Monat konnten wir von Pokalen berichten und jetzt wo wir mit dem SJMCC dort ein Meisterschaftslauf ausgetragen haben, funktioniert es schon wieder. Kimi wurde guter dritter und holte seinen ersten SJMCC-Pokal. Er &hellip; <a href=\"http:\/\/k-t-m.ch\/MX\/wordpress\/rennbericht-emmingen-mit-video\/\" class=\"more-link\"><span class=\"screen-reader-text\">Rennbericht Emmingen mit Video<\/span> weiterlesen <span class=\"meta-nav\">&rarr;<\/span><\/a><\/p>\n","protected":false},"author":1,"featured_media":0,"comment_status":"closed","ping_status":"open","sticky":false,"template":"","format":"standard","meta":[],"categories":[10,13,9,18,14],"tags":[],"_links":{"self":[{"href":"http:\/\/k-t-m.ch\/MX\/wordpress\/wp-json\/wp\/v2\/posts\/436"}],"collection":[{"href":"http:\/\/k-t-m.ch\/MX\/wordpress\/wp-json\/wp\/v2\/posts"}],"about":[{"href":"http:\/\/k-t-m.ch\/MX\/wordpress\/wp-json\/wp\/v2\/types\/post"}],"author":[{"embeddable":true,"href":"http:\/\/k-t-m.ch\/MX\/wordpress\/wp-json\/wp\/v2\/users\/1"}],"replies":[{"embeddable":true,"href":"http:\/\/k-t-m.ch\/MX\/wordpress\/wp-json\/wp\/v2\/comments?post=436"}],"version-history":[{"count":2,"href":"http:\/\/k-t-m.ch\/MX\/wordpress\/wp-json\/wp\/v2\/posts\/436\/revisions"}],"predecessor-version":[{"id":438,"href":"http:\/\/k-t-m.ch\/MX\/wordpress\/wp-json\/wp\/v2\/posts\/436\/revisions\/438"}],"wp:attachment":[{"href":"http:\/\/k-t-m.ch\/MX\/wordpress\/wp-json\/wp\/v2\/media?parent=436"}],"wp:term":[{"taxonomy":"category","embeddable":true,"href":"http:\/\/k-t-m.ch\/MX\/wordpress\/wp-json\/wp\/v2\/categories?post=436"},{"taxonomy":"post_tag","embeddable":true,"href":"http:\/\/k-t-m.ch\/MX\/wordpress\/wp-json\/wp\/v2\/tags?post=436"}],"curies":[{"name":"wp","href":"https:\/\/api.w.org\/{rel}","templated":true}]}}