{"id":464,"date":"2012-07-29T20:48:27","date_gmt":"2012-07-29T20:48:27","guid":{"rendered":"http:\/\/k-t-m.ch\/MX\/wordpress\/?p=464"},"modified":"2012-07-29T20:48:27","modified_gmt":"2012-07-29T20:48:27","slug":"rennbericht-warth-weiningen-2","status":"publish","type":"post","link":"http:\/\/k-t-m.ch\/MX\/wordpress\/rennbericht-warth-weiningen-2\/","title":{"rendered":"Rennbericht Warth-Weiningen"},"content":{"rendered":"<p>Am Samstag kam ich kurz zum Einsatz. Es waren super Bedingungen und mit dem 13. Platz im ersten Lauf lief es mir auch ziemlich gut. Im zweiten musste ich in der Startkurve kurz warten und war schon weit hinten. Ca 20 im Ziel aber das wichtigste, es hatte viel Spass gemacht.<\/p>\n<p>Kimi und Travis waren dann am Sonntag im Einsatz. \u00dcber die Nacht kam Regen und Kimi stand am Morgen auf, schaute aus dem Womi und sagte:\u201cSo geil, hoffentlich regn\u00e4ts nochli wieter.\u201c Kimi liebt es, wenn es rutschig ist. Und auch Travis kommt immer besser zu Recht mit rutschigen B\u00f6den. Kimi fuhr sofort im Zeittraining gute Runden und platzierte sich am Schluss auf dem sehr guten 2. Platz. Travis wurde 13.<\/p>\n<p>Im ersten Lauf ging dann so richtig die Post ab. Kimi hatte einen guten Start und dann gleich an zweiter Stelle in die erste Runde. W\u00e4hrend gut der H\u00e4lfte war es noch trocken, doch pl\u00f6tzlich fing es an wie aus k\u00fcbeln zu giessen. Joel Elsener hatten schon einen sch\u00f6nen Vorsprung rausgefahren. Doch je mehr es regnete, desto schneller wurde Kimi. Und ohne dass wir es bemerkten im hinteren Teil der Strecke h\u00f6rten wir den Speaker ausrufen, dass Kimi nun erster ist. Joel ist h\u00e4ngengeblieben und Kimi konnte vorbei. Jetzt gab es ein Fotofinish auf der Ziellinie. Kimi verlor das leider mit 0.08 sec R\u00fcckstand auf Joel. Wow war das ein spannendes Finale. Travis konnte am Anfang sich gut auf DEM neunten Platz halten doch der Regen warf ihn ein bisschen zur\u00fcck. Travis hatte am Schluss noch zwei St\u00fcrze auf dem glitschigen Boden und wurde am Schluss 13.<\/p>\n<p>Im zweiten Lauf kahm Kimi nicht mehr so gut weg. Doch nach wenigen Kurven hatte er sich wieder an die zweite Stelle gesetzt. \u00a0Doch diesmal hatte er Leo am Hinterrad und der folgte ihm bis fast zur Rennh\u00e4lfte. Dann rutschte Leo aus und Kimi konnte einen Sicherheitsabstand einbauen. Kimi fuhr so den zweiten Platz sicher nach Hause. Und zweimal Zweiter gibt Gesamt 2!!! Zum vierten Mal in Serie auf dem Podest und jetzt mit Platz 2 ein neues Bestresultat. Genial. Und auch Travis verpasste mit Platz 11 nur ganz knapp sein erstes Top-Ten Ergebnis. Jungs das war stark\u2026<\/p>\n<p>&nbsp;<\/p>\n","protected":false},"excerpt":{"rendered":"<p>Am Samstag kam ich kurz zum Einsatz. Es waren super Bedingungen und mit dem 13. Platz im ersten Lauf lief es mir auch ziemlich gut. Im zweiten musste ich in der Startkurve kurz warten und war schon weit hinten. Ca 20 im Ziel aber das wichtigste, es hatte viel Spass gemacht. Kimi und Travis waren &hellip; <a href=\"http:\/\/k-t-m.ch\/MX\/wordpress\/rennbericht-warth-weiningen-2\/\" class=\"more-link\"><span class=\"screen-reader-text\">Rennbericht Warth-Weiningen<\/span> weiterlesen <span class=\"meta-nav\">&rarr;<\/span><\/a><\/p>\n","protected":false},"author":1,"featured_media":0,"comment_status":"closed","ping_status":"open","sticky":false,"template":"","format":"standard","meta":[],"categories":[10,13,11,8,9,18],"tags":[],"_links":{"self":[{"href":"http:\/\/k-t-m.ch\/MX\/wordpress\/wp-json\/wp\/v2\/posts\/464"}],"collection":[{"href":"http:\/\/k-t-m.ch\/MX\/wordpress\/wp-json\/wp\/v2\/posts"}],"about":[{"href":"http:\/\/k-t-m.ch\/MX\/wordpress\/wp-json\/wp\/v2\/types\/post"}],"author":[{"embeddable":true,"href":"http:\/\/k-t-m.ch\/MX\/wordpress\/wp-json\/wp\/v2\/users\/1"}],"replies":[{"embeddable":true,"href":"http:\/\/k-t-m.ch\/MX\/wordpress\/wp-json\/wp\/v2\/comments?post=464"}],"version-history":[{"count":1,"href":"http:\/\/k-t-m.ch\/MX\/wordpress\/wp-json\/wp\/v2\/posts\/464\/revisions"}],"predecessor-version":[{"id":465,"href":"http:\/\/k-t-m.ch\/MX\/wordpress\/wp-json\/wp\/v2\/posts\/464\/revisions\/465"}],"wp:attachment":[{"href":"http:\/\/k-t-m.ch\/MX\/wordpress\/wp-json\/wp\/v2\/media?parent=464"}],"wp:term":[{"taxonomy":"category","embeddable":true,"href":"http:\/\/k-t-m.ch\/MX\/wordpress\/wp-json\/wp\/v2\/categories?post=464"},{"taxonomy":"post_tag","embeddable":true,"href":"http:\/\/k-t-m.ch\/MX\/wordpress\/wp-json\/wp\/v2\/tags?post=464"}],"curies":[{"name":"wp","href":"https:\/\/api.w.org\/{rel}","templated":true}]}}