{"id":469,"date":"2012-08-06T21:02:45","date_gmt":"2012-08-06T21:02:45","guid":{"rendered":"http:\/\/k-t-m.ch\/MX\/wordpress\/?p=469"},"modified":"2012-08-06T21:03:10","modified_gmt":"2012-08-06T21:03:10","slug":"video-vom-schonen-rennen-in-feldkirch","status":"publish","type":"post","link":"http:\/\/k-t-m.ch\/MX\/wordpress\/video-vom-schonen-rennen-in-feldkirch\/","title":{"rendered":"Video vom sch\u00f6nen Rennen in Feldkirch"},"content":{"rendered":"<p>Danke Pit f\u00fcr das Filmmaterial. Kannst du nicht immer mitkommen? Gr\u00fcsse vom ganzen Team nach Holland.<\/p>\n<p>[youtube]http:\/\/www.youtube.com\/watch?v=teiIrYgpSnk[\/youtube]<\/p>\n","protected":false},"excerpt":{"rendered":"<p>Danke Pit f\u00fcr das Filmmaterial. Kannst du nicht immer mitkommen? Gr\u00fcsse vom ganzen Team nach Holland. [youtube]http:\/\/www.youtube.com\/watch?v=teiIrYgpSnk[\/youtube]<\/p>\n","protected":false},"author":1,"featured_media":0,"comment_status":"closed","ping_status":"open","sticky":false,"template":"","format":"standard","meta":[],"categories":[10,13,16,9,18,14],"tags":[],"_links":{"self":[{"href":"http:\/\/k-t-m.ch\/MX\/wordpress\/wp-json\/wp\/v2\/posts\/469"}],"collection":[{"href":"http:\/\/k-t-m.ch\/MX\/wordpress\/wp-json\/wp\/v2\/posts"}],"about":[{"href":"http:\/\/k-t-m.ch\/MX\/wordpress\/wp-json\/wp\/v2\/types\/post"}],"author":[{"embeddable":true,"href":"http:\/\/k-t-m.ch\/MX\/wordpress\/wp-json\/wp\/v2\/users\/1"}],"replies":[{"embeddable":true,"href":"http:\/\/k-t-m.ch\/MX\/wordpress\/wp-json\/wp\/v2\/comments?post=469"}],"version-history":[{"count":2,"href":"http:\/\/k-t-m.ch\/MX\/wordpress\/wp-json\/wp\/v2\/posts\/469\/revisions"}],"predecessor-version":[{"id":471,"href":"http:\/\/k-t-m.ch\/MX\/wordpress\/wp-json\/wp\/v2\/posts\/469\/revisions\/471"}],"wp:attachment":[{"href":"http:\/\/k-t-m.ch\/MX\/wordpress\/wp-json\/wp\/v2\/media?parent=469"}],"wp:term":[{"taxonomy":"category","embeddable":true,"href":"http:\/\/k-t-m.ch\/MX\/wordpress\/wp-json\/wp\/v2\/categories?post=469"},{"taxonomy":"post_tag","embeddable":true,"href":"http:\/\/k-t-m.ch\/MX\/wordpress\/wp-json\/wp\/v2\/tags?post=469"}],"curies":[{"name":"wp","href":"https:\/\/api.w.org\/{rel}","templated":true}]}}