{"id":474,"date":"2012-08-18T21:16:30","date_gmt":"2012-08-18T21:16:30","guid":{"rendered":"http:\/\/k-t-m.ch\/MX\/wordpress\/?p=474"},"modified":"2012-08-18T21:16:30","modified_gmt":"2012-08-18T21:16:30","slug":"rennbericht-mx-walde-ag","status":"publish","type":"post","link":"http:\/\/k-t-m.ch\/MX\/wordpress\/rennbericht-mx-walde-ag\/","title":{"rendered":"Rennbericht MX-Walde AG"},"content":{"rendered":"<p align=\"center\"><span style=\"color: #ff0000;\"><strong>Vielen Dank an die Familie Badertscher!!!<\/strong><\/span><\/p>\n<p>Nachdem Kimi im Zeittraining die zweitschnellste Zeit hingelegt hatte, klemmte leider seine kleine. Vermutlich verlor sie einfach zu viel Wasser bei seinem Sturz ganz am Anfang vom Training. Dann wurde es durch die hohen Aussentemperaturen einfach mal zu viel. Moto-Art-Bollhalder hat nun wieder Arbeit von uns. Travis fuhr sehr gut. Er wurde guter 17 von 22 Startern.<\/p>\n<p>Familie Badertscher hat uns noch beim retourstossen das Angebot f\u00fcr ihren Ersatzt\u00f6ff gemacht. Vielen, vielen Dank daf\u00fcr. Leo, der direkte Konkurrent von Kimi und wir k\u00f6nnen von ihnen ein Bike haben. Cool, so macht es Spass. Kimi hat Leo dann auch sehr lange gefilmt im zweiten Lauf aber dazu dann sp\u00e4ter.<\/p>\n<p>Der Start zum ersten Lauf war mit Platz 5 nicht so schlecht. Doch man merkte schon, dass es nicht sein Bike war. Travis fightete wieder einmal mit Lativa wie ein verbissener. Lustige Szene ca bei Rennh\u00e4lfte. Travis rollte gem\u00fctlich auf eine Kurve zu und pl\u00f6tzlich h\u00f6rte er ein Bike neben sich, schaute kurz r\u00fcber, sah die #44 und zog am Kabel bis fast \u00fcber die Kurve hinaus. Der Junge hat ein richtiges K\u00e4mpferherz. Kimi drehte dann f\u00fcr die letzten Runden nochmals richtig auf. Langsam hatte er sich eingeschossen und bis zum Schluss konnte er noch fast auf Leo aufschliessen. Doch das Rennen war vorher fertig und so schaute ein guter Dritter Platz heraus. Travis wurde 16, Genial.<\/p>\n<p>Im zweiten Lauf hatten beide nicht so gute Starts. Kimi konnte aber bald das Hinterrad von Leo nehmen der auf Position 3 unterwegs war. Er k\u00e4mpfte wie verr\u00fcckt und war auch Zeitweise vorne, doch zum Schluss konnte Leo jubeln. Aber wie gesagt. Ich bin gespannt auf die GoPro Aufnahmen von diesem Lauf. Travis hatte ab Rennh\u00e4lfte starken Druck von Lativa die immer versuchte, an ihm vorbei zu kommen. Wir pushten ihn von aussen so stark, dass er richtig schnell wurde. Doch in der allerletzten Runde rutschte ihm das Vorderrad weg und er musste zu Boden. Leider verlor er dadurch hart erk\u00e4mpfte Pl\u00e4tze. Er war sehr traurig und sah im ersten Moment gar nicht wie super er gefahren war.<\/p>\n<p>Im Tagesklassement wurde Kimi 4. Punktgleich mit dem 3. der aber den besseren zweiten Lauf hatte. Travis wird vermutlich 17 sein aber die Rangliste ist noch nicht Online. Aber f\u00fcr die Umst\u00e4nde und die sehr grosse Hitze ein gelungenes Weekend. Mal abgesehen von dem Loch in der MX-Kasse durch den Motorschaden.<\/p>\n","protected":false},"excerpt":{"rendered":"<p>Vielen Dank an die Familie Badertscher!!! Nachdem Kimi im Zeittraining die zweitschnellste Zeit hingelegt hatte, klemmte leider seine kleine. Vermutlich verlor sie einfach zu viel Wasser bei seinem Sturz ganz am Anfang vom Training. Dann wurde es durch die hohen Aussentemperaturen einfach mal zu viel. Moto-Art-Bollhalder hat nun wieder Arbeit von uns. Travis fuhr sehr &hellip; <a href=\"http:\/\/k-t-m.ch\/MX\/wordpress\/rennbericht-mx-walde-ag\/\" class=\"more-link\"><span class=\"screen-reader-text\">Rennbericht MX-Walde AG<\/span> weiterlesen <span class=\"meta-nav\">&rarr;<\/span><\/a><\/p>\n","protected":false},"author":1,"featured_media":0,"comment_status":"closed","ping_status":"open","sticky":false,"template":"","format":"standard","meta":[],"categories":[10,13,9,18],"tags":[],"_links":{"self":[{"href":"http:\/\/k-t-m.ch\/MX\/wordpress\/wp-json\/wp\/v2\/posts\/474"}],"collection":[{"href":"http:\/\/k-t-m.ch\/MX\/wordpress\/wp-json\/wp\/v2\/posts"}],"about":[{"href":"http:\/\/k-t-m.ch\/MX\/wordpress\/wp-json\/wp\/v2\/types\/post"}],"author":[{"embeddable":true,"href":"http:\/\/k-t-m.ch\/MX\/wordpress\/wp-json\/wp\/v2\/users\/1"}],"replies":[{"embeddable":true,"href":"http:\/\/k-t-m.ch\/MX\/wordpress\/wp-json\/wp\/v2\/comments?post=474"}],"version-history":[{"count":2,"href":"http:\/\/k-t-m.ch\/MX\/wordpress\/wp-json\/wp\/v2\/posts\/474\/revisions"}],"predecessor-version":[{"id":476,"href":"http:\/\/k-t-m.ch\/MX\/wordpress\/wp-json\/wp\/v2\/posts\/474\/revisions\/476"}],"wp:attachment":[{"href":"http:\/\/k-t-m.ch\/MX\/wordpress\/wp-json\/wp\/v2\/media?parent=474"}],"wp:term":[{"taxonomy":"category","embeddable":true,"href":"http:\/\/k-t-m.ch\/MX\/wordpress\/wp-json\/wp\/v2\/categories?post=474"},{"taxonomy":"post_tag","embeddable":true,"href":"http:\/\/k-t-m.ch\/MX\/wordpress\/wp-json\/wp\/v2\/tags?post=474"}],"curies":[{"name":"wp","href":"https:\/\/api.w.org\/{rel}","templated":true}]}}