{"id":492,"date":"2012-09-10T09:31:16","date_gmt":"2012-09-10T09:31:16","guid":{"rendered":"http:\/\/k-t-m.ch\/MX\/wordpress\/?p=492"},"modified":"2012-09-10T09:31:16","modified_gmt":"2012-09-10T09:31:16","slug":"bericht-mx-moggers-kini-alpen-cup","status":"publish","type":"post","link":"http:\/\/k-t-m.ch\/MX\/wordpress\/bericht-mx-moggers-kini-alpen-cup\/","title":{"rendered":"Bericht MX-M\u00f6ggers (Kini-Alpen-Cup)"},"content":{"rendered":"<p>Als Vorbereitung auf das SJMCC-Weekend in M\u00f6ggers haben wir uns entschieden, am \u00d6sterreichischem Alpencup mitzufahren. Im Zeittraining war noch alles in Ordnung f\u00fcr beide Piloten. Doch es war da schon klar, dass es diesmal f\u00fcr Kimi nicht ring werden wird f\u00fcr auf das Podest. Es waren 4 Fahrer in einer Sekunde um Kimi herum im Zeittraining. Ohne super Start kannst du solche Fahrer kaum \u00fcberholen. \u00dcber den Mittag musste gew\u00e4ssert werden und Travis hatte so richtig einen Krampf im ersten Lauf der direkt nach der Mittagspause war. Kimi hatte weniger Probleme mit dem Boden. Er hat einfach noch M\u00fche, gleich in der ersten Runde so richtig auf\u2019s Gas zu dr\u00fccken. Im Normalfall ist er ab der dritten Runde dabei mit den Rundenzeiten und f\u00e4ngt an zu \u00fcberholen doch wenn alle gleich schnell sind, dann kommst du kaum mehr vorbei. Nur durch die sichere Fahrweise und guter Linienwahl konnte er sich noch auf den 5. Platz vorarbeiten. Er zeigte ein gutes Rennen f\u00fcr den schwierigen Boden doch f\u00fcr auf das Podest brauchte es jetzt einen Husarenritt von Kimi.<\/p>\n<p>Leider zuckte der Balken im zweiten Lauf ganz Kurz und Kimi wollte schon losfahren. Wir vermuten, dass der Starter ein wenig zu knapp gezogen hat und dann nochmals nachziehen musste. Aber f\u00fcr Kimi war es das gewesen. Er zog sein Bike retour und im gleichen Moment f\u00e4llt der Balken. Wieder ein Start der im hinteren teil des Feldes endete. Travis kam etwas besser zurecht, konnte aber Lorena nie richtig attackieren. Die Piste mit den Steilen auf und Abfahrten waren f\u00fcr Travis recht happig. Er meisterte sich aber super und mit dem 19. Patz hatte er auch noch 3 Fahrer hinter sich. Kimi k\u00e4mpfte toll und wurde von Runde zu Runde schneller. Als dann Madox pl\u00f6tzlich vor ihm auftauchte war Kimi noch zus\u00e4tzlich motiviert und attackierte ihn sofort. Am Schluss wurde Kimi 7. und das war dann auch gleich das Tagesresultat.<\/p>\n<p>Wir kommen mit vielen neuen Erfahrungen nach Hause und freuen uns auf n\u00e4chsten Samstag wenn wir dann auf der gleichen Strecke die Meisterschaftsl\u00e4ufe haben. Dann hoffentlich wieder mit einem Pokal zum mitnehmen.<\/p>\n","protected":false},"excerpt":{"rendered":"<p>Als Vorbereitung auf das SJMCC-Weekend in M\u00f6ggers haben wir uns entschieden, am \u00d6sterreichischem Alpencup mitzufahren. Im Zeittraining war noch alles in Ordnung f\u00fcr beide Piloten. Doch es war da schon klar, dass es diesmal f\u00fcr Kimi nicht ring werden wird f\u00fcr auf das Podest. Es waren 4 Fahrer in einer Sekunde um Kimi herum im &hellip; <a href=\"http:\/\/k-t-m.ch\/MX\/wordpress\/bericht-mx-moggers-kini-alpen-cup\/\" class=\"more-link\"><span class=\"screen-reader-text\">Bericht MX-M\u00f6ggers (Kini-Alpen-Cup)<\/span> weiterlesen <span class=\"meta-nav\">&rarr;<\/span><\/a><\/p>\n","protected":false},"author":1,"featured_media":0,"comment_status":"closed","ping_status":"open","sticky":false,"template":"","format":"standard","meta":[],"categories":[10,13,18],"tags":[],"_links":{"self":[{"href":"http:\/\/k-t-m.ch\/MX\/wordpress\/wp-json\/wp\/v2\/posts\/492"}],"collection":[{"href":"http:\/\/k-t-m.ch\/MX\/wordpress\/wp-json\/wp\/v2\/posts"}],"about":[{"href":"http:\/\/k-t-m.ch\/MX\/wordpress\/wp-json\/wp\/v2\/types\/post"}],"author":[{"embeddable":true,"href":"http:\/\/k-t-m.ch\/MX\/wordpress\/wp-json\/wp\/v2\/users\/1"}],"replies":[{"embeddable":true,"href":"http:\/\/k-t-m.ch\/MX\/wordpress\/wp-json\/wp\/v2\/comments?post=492"}],"version-history":[{"count":1,"href":"http:\/\/k-t-m.ch\/MX\/wordpress\/wp-json\/wp\/v2\/posts\/492\/revisions"}],"predecessor-version":[{"id":493,"href":"http:\/\/k-t-m.ch\/MX\/wordpress\/wp-json\/wp\/v2\/posts\/492\/revisions\/493"}],"wp:attachment":[{"href":"http:\/\/k-t-m.ch\/MX\/wordpress\/wp-json\/wp\/v2\/media?parent=492"}],"wp:term":[{"taxonomy":"category","embeddable":true,"href":"http:\/\/k-t-m.ch\/MX\/wordpress\/wp-json\/wp\/v2\/categories?post=492"},{"taxonomy":"post_tag","embeddable":true,"href":"http:\/\/k-t-m.ch\/MX\/wordpress\/wp-json\/wp\/v2\/tags?post=492"}],"curies":[{"name":"wp","href":"https:\/\/api.w.org\/{rel}","templated":true}]}}