{"id":517,"date":"2012-09-23T21:43:09","date_gmt":"2012-09-23T21:43:09","guid":{"rendered":"http:\/\/k-t-m.ch\/MX\/wordpress\/?p=517"},"modified":"2012-09-23T21:43:50","modified_gmt":"2012-09-23T21:43:50","slug":"rennbericht-sjmcc-amsriswil","status":"publish","type":"post","link":"http:\/\/k-t-m.ch\/MX\/wordpress\/rennbericht-sjmcc-amsriswil\/","title":{"rendered":"Rennbericht SJMCC Amriswil"},"content":{"rendered":"<p>Dieses Wochenende ging die Rechnung wieder mal auf. Kimi wurde auf der schwierig zu fahrenden Strecke in Amriswil toller dritter. Und Travis fuhr alle L\u00e4ufe zu Ende. Und das war \u00fcberhaupt nicht klar nach dem starken Regenf\u00e4llen vom Samstag.<\/p>\n<p>Das Training musste leider durch die immer noch sehr nasse Strecke abgesagt werden. So wurde anstelle des 1. Laufes ein Training gemacht. Dies war sicher eine gute Entscheidung denn jetzt kamen alle bis auf eine Passage gut rundum. Und die besagte Stelle wurde kurzerhand durch eine weitere Abk\u00fcrzung ausgebaut und so war es dann f\u00fcr alle fahrbar. Kimi war schnell an zweiter Stelle doch gegen Ende wurde er pl\u00f6tzlich noch von Fabio Artho #77 \u00fcberholt. Kimi wollte noch eine schnelle Runde hinlegen doch dabei ging er von aussen gesehen ziemlich heftig zu Boden. Er nahm das nicht so tragisch und stieg wieder auf sein Bike doch jetzt war der Lenker krumm und das Training zu Ende. F\u00fcr Travis galt es die Strecke zu Meistern. Das Resultat ist hier f\u00fcr ihn wirklich zweitrangig denn die steilen auf und Abfahrten in Amriswil sind heftig. Etliche Fahrer liessen das Rennen aus doch Travis schlug sich pr\u00e4chtig.<\/p>\n<p>Dann um vier am Nachmittag war dann der Start zum ersten und einzigen Lauf. Also Vollgas denn jetzt geht\u2019s ums Podest. Kimi hatte einen super Start und doch nicht. Er war vorne bis nach 20 Meter eine tiefe leise ihm den Lenker verschlug und er nur mit viel Gl\u00fcck einen Abflug verhindern konnte. Wir haben die Situation vor dem Lauf noch besprochen das es dort kurz rumpeln wird. Doch das es so heftig ausf\u00e4llt, damit hat er nicht gerechnet. Nach der ersten Runde war Kimi an f\u00fcnfter Stelle. Vor ihm Cyril Elsener und schon wieder Fabio, die haben \u00dcberstunden gemacht die letzten Tage im Team Artho. Kimi hatte einen tollen fight mit Cyril. Der Junge hat m\u00e4chtig biss und so gab es spannende Zweik\u00e4mpfe. So gegen Mitte des Rennens konnte Kimi ihn dann schnappen und gleich danach auch Fabio. Jetzt war Kimi dritter doch die beiden hat er immer noch im Schlepptau. Er fuhr eine sehr gute Linie auf die Zielgerade. Und konnte so immer ein paar Meter gut machen. Fabio rutschte dann auch noch aus und so hatte Kimi nun endlich etwas Luft. Bei Travis konnte man die Fortschritte sehr gut sehen. Im Rennen nahm er die H\u00e4nge alle sch\u00f6n immer mit Gas und auch Abw\u00e4rts liess er es richtig laufen. Es machte Freude, ihm beim Fahren zuzusehen.<\/p>\n<p>Motocross Amriswil ist immer wieder ein Highlight der Saison und dort ein Pokal nach Hause zu nehmen etwas ganz spezielles. Wir bedanken uns an dieser Stelle f\u00fcr den Pokalspender Kurt Gsell Motorger\u00e4te in Amriswil und nat\u00fcrlich auch bei Gotti und G\u00f6tti von Kimi f\u00fcr die Mithilfe. F\u00fcr uns war das Rennen ein gelungener Anlass und wir freuen uns schon auf das \u201eGrande Finale\u201c in W\u00e4ngi.<\/p>\n","protected":false},"excerpt":{"rendered":"<p>Dieses Wochenende ging die Rechnung wieder mal auf. Kimi wurde auf der schwierig zu fahrenden Strecke in Amriswil toller dritter. Und Travis fuhr alle L\u00e4ufe zu Ende. Und das war \u00fcberhaupt nicht klar nach dem starken Regenf\u00e4llen vom Samstag. Das Training musste leider durch die immer noch sehr nasse Strecke abgesagt werden. So wurde anstelle &hellip; <a href=\"http:\/\/k-t-m.ch\/MX\/wordpress\/rennbericht-sjmcc-amsriswil\/\" class=\"more-link\"><span class=\"screen-reader-text\">Rennbericht SJMCC Amriswil<\/span> weiterlesen <span class=\"meta-nav\">&rarr;<\/span><\/a><\/p>\n","protected":false},"author":1,"featured_media":0,"comment_status":"closed","ping_status":"open","sticky":false,"template":"","format":"standard","meta":[],"categories":[10,13,9,18],"tags":[],"_links":{"self":[{"href":"http:\/\/k-t-m.ch\/MX\/wordpress\/wp-json\/wp\/v2\/posts\/517"}],"collection":[{"href":"http:\/\/k-t-m.ch\/MX\/wordpress\/wp-json\/wp\/v2\/posts"}],"about":[{"href":"http:\/\/k-t-m.ch\/MX\/wordpress\/wp-json\/wp\/v2\/types\/post"}],"author":[{"embeddable":true,"href":"http:\/\/k-t-m.ch\/MX\/wordpress\/wp-json\/wp\/v2\/users\/1"}],"replies":[{"embeddable":true,"href":"http:\/\/k-t-m.ch\/MX\/wordpress\/wp-json\/wp\/v2\/comments?post=517"}],"version-history":[{"count":2,"href":"http:\/\/k-t-m.ch\/MX\/wordpress\/wp-json\/wp\/v2\/posts\/517\/revisions"}],"predecessor-version":[{"id":519,"href":"http:\/\/k-t-m.ch\/MX\/wordpress\/wp-json\/wp\/v2\/posts\/517\/revisions\/519"}],"wp:attachment":[{"href":"http:\/\/k-t-m.ch\/MX\/wordpress\/wp-json\/wp\/v2\/media?parent=517"}],"wp:term":[{"taxonomy":"category","embeddable":true,"href":"http:\/\/k-t-m.ch\/MX\/wordpress\/wp-json\/wp\/v2\/categories?post=517"},{"taxonomy":"post_tag","embeddable":true,"href":"http:\/\/k-t-m.ch\/MX\/wordpress\/wp-json\/wp\/v2\/tags?post=517"}],"curies":[{"name":"wp","href":"https:\/\/api.w.org\/{rel}","templated":true}]}}