{"id":862,"date":"2014-03-17T21:25:27","date_gmt":"2014-03-17T21:25:27","guid":{"rendered":"http:\/\/k-t-m.ch\/MX\/wordpress\/?p=862"},"modified":"2014-03-17T21:32:06","modified_gmt":"2014-03-17T21:32:06","slug":"die-saison-ist-eroeffnet","status":"publish","type":"post","link":"http:\/\/k-t-m.ch\/MX\/wordpress\/die-saison-ist-eroeffnet\/","title":{"rendered":"Die Saison ist er\u00f6ffnet"},"content":{"rendered":"<p>Wir starteten am Sonntag morgen gem\u00fctlich um 8 Uhr und machten uns auf nach Moutier. Bleiker-Brothers haben f\u00fcr uns schon eingeschrieben und so konnten wir uns locker auf das Training von halb zw\u00f6lf vorbereiten. Kimi f\u00fchlte sich nicht so richtig wohl wie er selber nach dem Training sagte. Es war sehr unterschiedlicher Boden von griffig bis zu sehr rutschigem Jura-Stein. Travis hatte Pokalambitionen, wurde doch am Vortag sein <a href=\"http:\/\/www.power-bike.ch\" target=\"_blank\">Power-Bike.ch<\/a> Teamkollege Madison toller erster. Er war Top-Motiviert\u00a0am heutigen Sonntag.<\/p>\n<p>Die Rennen waren spannend und sehr lehrreich, und f\u00fcr genau das zweite gingen wir dorthin. Training unter Rennbedingungen und\u00a0endlich wieder viele Kollegen treffen.<\/p>\n<p>Kimi wurde zweimal f\u00fcnfter. Nach guten Starts musste er jeweils zwei ziehen lassen. Aber wir sind guter Dinge. Travis wurde im Tagesklassement zweiter hinter Kimi Brunschwiler und noch vor Madison Bleiker. Alle waren Gl\u00fcck, so gab es auch ein <strong>KTM<\/strong>-Podest<\/p>\n<p>[youtube]http:\/\/youtu.be\/hfQr6rcLK04[\/youtube]<\/p>\n<p><img loading=\"lazy\" class=\"aligncenter size-full wp-image-864\" alt=\"Travis auf dem Podest\" src=\"http:\/\/k-t-m.ch\/MX\/wordpress\/wp-content\/uploads\/2014\/03\/971895_380710325404684_1254123760_n.jpg\" width=\"526\" height=\"395\" srcset=\"http:\/\/k-t-m.ch\/MX\/wordpress\/wp-content\/uploads\/2014\/03\/971895_380710325404684_1254123760_n.jpg 526w, http:\/\/k-t-m.ch\/MX\/wordpress\/wp-content\/uploads\/2014\/03\/971895_380710325404684_1254123760_n-300x225.jpg 300w\" sizes=\"(max-width: 526px) 100vw, 526px\" \/><\/p>\n","protected":false},"excerpt":{"rendered":"<p>Wir starteten am Sonntag morgen gem\u00fctlich um 8 Uhr und machten uns auf nach Moutier. Bleiker-Brothers haben f\u00fcr uns schon eingeschrieben und so konnten wir uns locker auf das Training von halb zw\u00f6lf vorbereiten. Kimi f\u00fchlte sich nicht so richtig wohl wie er selber nach dem Training sagte. Es war sehr unterschiedlicher Boden von griffig &hellip; <a href=\"http:\/\/k-t-m.ch\/MX\/wordpress\/die-saison-ist-eroeffnet\/\" class=\"more-link\"><span class=\"screen-reader-text\">Die Saison ist er\u00f6ffnet<\/span> weiterlesen <span class=\"meta-nav\">&rarr;<\/span><\/a><\/p>\n","protected":false},"author":1,"featured_media":0,"comment_status":"closed","ping_status":"open","sticky":false,"template":"","format":"standard","meta":[],"categories":[1,10,13,20,18,14],"tags":[],"_links":{"self":[{"href":"http:\/\/k-t-m.ch\/MX\/wordpress\/wp-json\/wp\/v2\/posts\/862"}],"collection":[{"href":"http:\/\/k-t-m.ch\/MX\/wordpress\/wp-json\/wp\/v2\/posts"}],"about":[{"href":"http:\/\/k-t-m.ch\/MX\/wordpress\/wp-json\/wp\/v2\/types\/post"}],"author":[{"embeddable":true,"href":"http:\/\/k-t-m.ch\/MX\/wordpress\/wp-json\/wp\/v2\/users\/1"}],"replies":[{"embeddable":true,"href":"http:\/\/k-t-m.ch\/MX\/wordpress\/wp-json\/wp\/v2\/comments?post=862"}],"version-history":[{"count":5,"href":"http:\/\/k-t-m.ch\/MX\/wordpress\/wp-json\/wp\/v2\/posts\/862\/revisions"}],"predecessor-version":[{"id":868,"href":"http:\/\/k-t-m.ch\/MX\/wordpress\/wp-json\/wp\/v2\/posts\/862\/revisions\/868"}],"wp:attachment":[{"href":"http:\/\/k-t-m.ch\/MX\/wordpress\/wp-json\/wp\/v2\/media?parent=862"}],"wp:term":[{"taxonomy":"category","embeddable":true,"href":"http:\/\/k-t-m.ch\/MX\/wordpress\/wp-json\/wp\/v2\/categories?post=862"},{"taxonomy":"post_tag","embeddable":true,"href":"http:\/\/k-t-m.ch\/MX\/wordpress\/wp-json\/wp\/v2\/tags?post=862"}],"curies":[{"name":"wp","href":"https:\/\/api.w.org\/{rel}","templated":true}]}}