{"id":880,"date":"2014-04-06T19:32:59","date_gmt":"2014-04-06T19:32:59","guid":{"rendered":"http:\/\/k-t-m.ch\/MX\/wordpress\/?p=880"},"modified":"2014-04-07T04:34:40","modified_gmt":"2014-04-07T04:34:40","slug":"rennbericht-wohlen","status":"publish","type":"post","link":"http:\/\/k-t-m.ch\/MX\/wordpress\/rennbericht-wohlen\/","title":{"rendered":"Rennbericht MX Wohlen"},"content":{"rendered":"<p>Noch einmal hiess es am Freitag ab nach Z\u00fcrich in den Stau. Dieses Weekend war Wohlen angesagt. Eine sehr sch\u00f6ne Strecke die immer eine Reise wert ist. Auch in diesem Jahr war wieder alles Top organisiert. Ein riesen Lob an das OK um Ueli Hilfiker. Krasniqi hatten f\u00fcr uns schon reserviert und so konnten wir gem\u00fctlich unseren Platz einrichten.<\/p>\n<p>Am Samstagmorgen ging es dann los mit den Trainings der 65er. Kimi war erstaunlicherweise schon am Morgen recht flott unterwegs. Dies ist man sich von ihm nicht gew\u00f6hnt, braucht er sonst doch immer sehr lange bis er sich auf etwas Neues eingeschossen hat. Mit dem 5. Platz im Zeittraining waren wir alle sehr zufrieden. Travis hatte sein Training erst nach der Mittagspause. Leider hat es im Moment nicht sehr viel von den kleinsten und so wurde er 4. Im Training von nur 6 Startern.<\/p>\n<p>Die Rennen verliefen f\u00fcr Kimi sehr gut. Im ersten Lauf hatte er einen super Start und kam nach Madox als zweiter aus der Startkurve. Nach vielen harten fight\u2018s konnte er den tollen vierten Rang ins Ziel retten. Doch von hinten kam ein dreierpack mit Levin, Zoe und Joel die im bald die H\u00f6lle heiss gemacht h\u00e4tten. Gut war schon Schluss. Im zweiten Lauf hatte er schon am Start viel Gl\u00fcck als Kevin Brumann ausweichen musste blieb f\u00fcr ihn nicht mehr viel Platz. Er mogelte sich aber gekonnt durch und fuhr wieder an vierter Stelle. Leider st\u00fcrzte er ziemlich heftig nach dem zweiten Doppel und musste Zoe und Joel ziehen lassen. Dies ergab dann im Ziel noch den guten 6. Platz.<\/p>\n<p>Travis hatte zwei sehr schlechte Starts und musste immer von hinten (wenn man das bei sechs Fahrer so sagen darf) aufholen. Im ersten Lauf wurde er einsam dritter. Leider st\u00fcrzte Sven von Moos ungl\u00fccklich im Hang und konnte kaum wieder anfahren. Im zweiten Lauf hatte Travis einen super Fight mit Madison. Mal kam er als dritter dann wieder Travis. Wir Alten hatten in der Box ein riesen Gauddi welcher nun vorne war und freuten uns auf jede neue Runde. Am Schluss hatte Travis das bessere Ende und konnte nochmals den dritten Platz nach Hause fahren. Travis streckte die Faust in die H\u00f6he und wir alle waren sehr Stolz auf ihn. Erster Podestplatz beim ersten SJMCC-Rennen in der Saison 2014.<\/p>\n<p>Am Abend an der Siegerehrung durfte er dann den riesen Pokal abholen und auch noch Blumen f\u00fcr\u2019s Mami. (er wollte die zwar lieber selber behalten) Kimi wurde trotz dem Sturz im zweiten Lauf noch guter 4 im Tagesklassement. Leider gibt es daf\u00fcr ausser ein paar aufmunternde Worte nichts zum abholen, aber wir arbeiten daran.<\/p>\n<p><img loading=\"lazy\" class=\"aligncenter size-full wp-image-881\" alt=\"10152397_685137708213728_192901018_n\" src=\"http:\/\/k-t-m.ch\/MX\/wordpress\/wp-content\/uploads\/2014\/04\/10152397_685137708213728_192901018_n.jpg\" width=\"960\" height=\"720\" srcset=\"http:\/\/k-t-m.ch\/MX\/wordpress\/wp-content\/uploads\/2014\/04\/10152397_685137708213728_192901018_n.jpg 960w, http:\/\/k-t-m.ch\/MX\/wordpress\/wp-content\/uploads\/2014\/04\/10152397_685137708213728_192901018_n-300x225.jpg 300w\" sizes=\"(max-width: 960px) 100vw, 960px\" \/><\/p>\n","protected":false},"excerpt":{"rendered":"<p>Noch einmal hiess es am Freitag ab nach Z\u00fcrich in den Stau. Dieses Weekend war Wohlen angesagt. Eine sehr sch\u00f6ne Strecke die immer eine Reise wert ist. Auch in diesem Jahr war wieder alles Top organisiert. Ein riesen Lob an das OK um Ueli Hilfiker. Krasniqi hatten f\u00fcr uns schon reserviert und so konnten wir &hellip; <a href=\"http:\/\/k-t-m.ch\/MX\/wordpress\/rennbericht-wohlen\/\" class=\"more-link\"><span class=\"screen-reader-text\">Rennbericht MX Wohlen<\/span> weiterlesen <span class=\"meta-nav\">&rarr;<\/span><\/a><\/p>\n","protected":false},"author":1,"featured_media":0,"comment_status":"closed","ping_status":"open","sticky":false,"template":"","format":"standard","meta":[],"categories":[1],"tags":[],"_links":{"self":[{"href":"http:\/\/k-t-m.ch\/MX\/wordpress\/wp-json\/wp\/v2\/posts\/880"}],"collection":[{"href":"http:\/\/k-t-m.ch\/MX\/wordpress\/wp-json\/wp\/v2\/posts"}],"about":[{"href":"http:\/\/k-t-m.ch\/MX\/wordpress\/wp-json\/wp\/v2\/types\/post"}],"author":[{"embeddable":true,"href":"http:\/\/k-t-m.ch\/MX\/wordpress\/wp-json\/wp\/v2\/users\/1"}],"replies":[{"embeddable":true,"href":"http:\/\/k-t-m.ch\/MX\/wordpress\/wp-json\/wp\/v2\/comments?post=880"}],"version-history":[{"count":4,"href":"http:\/\/k-t-m.ch\/MX\/wordpress\/wp-json\/wp\/v2\/posts\/880\/revisions"}],"predecessor-version":[{"id":886,"href":"http:\/\/k-t-m.ch\/MX\/wordpress\/wp-json\/wp\/v2\/posts\/880\/revisions\/886"}],"wp:attachment":[{"href":"http:\/\/k-t-m.ch\/MX\/wordpress\/wp-json\/wp\/v2\/media?parent=880"}],"wp:term":[{"taxonomy":"category","embeddable":true,"href":"http:\/\/k-t-m.ch\/MX\/wordpress\/wp-json\/wp\/v2\/categories?post=880"},{"taxonomy":"post_tag","embeddable":true,"href":"http:\/\/k-t-m.ch\/MX\/wordpress\/wp-json\/wp\/v2\/tags?post=880"}],"curies":[{"name":"wp","href":"https:\/\/api.w.org\/{rel}","templated":true}]}}