{"id":910,"date":"2014-05-04T20:15:35","date_gmt":"2014-05-04T20:15:35","guid":{"rendered":"http:\/\/k-t-m.ch\/MX\/wordpress\/?p=910"},"modified":"2014-05-04T20:17:16","modified_gmt":"2014-05-04T20:17:16","slug":"rennbericht-mx-mauren-2","status":"publish","type":"post","link":"http:\/\/k-t-m.ch\/MX\/wordpress\/rennbericht-mx-mauren-2\/","title":{"rendered":"Rennbericht MX Mauren"},"content":{"rendered":"<p>An diesem Weekend war das Rennen in Mauren angesagt. Roman, mein Bruder und G\u00f6tti von Kimi kam als Mechaniker da ich als Speaker angefragt wurde. Ebenfalls wollte Mason unbedingt in Mauren sein erstes Rennen fahren. Am Samstag war die Strecke noch ziemlich nass und so verschob der Veranstalter das komplette SJMCC-Programm auf den Sonntag.<\/p>\n<p>Wahrlich ein guter Entscheid, war doch sogar am Sonntag das Training der Jungs noch immer richtig schwierig zum fahren und Mason schaffte es nur gerade mal ca. 400 Meter weit. Auch Travis schaffte nur gerade eine Runde die gewertet wurde. Bei Kimi ging es dann schon etwas besser vorw\u00e4rts. Er wurde im Zeittraining guter 4.<\/p>\n<p>Der erste Lauf wurde direkt nach der Mittagspause angelegt f\u00fcr die 50er. Mason kam nun wesentlich besser zurecht und schaffte 2 komplette Runden. Die vielen Zuschauer feuerten ihn lautstark an als er jeweils beim Ziel vorbei fuhr. Travis hatte einen guten Fluss gefunden und konnte sich auf dem dritten Platz halten. Jedoch der Abstand nach vorne war riesig. Aber auch nach hinten war ein grosses Loch und so konnte er beide L\u00e4ufe souver\u00e4n als dritter beenden. Das ergab dann f\u00fcr ihn den dritten Podestplatz neben Jonas Badertscher als Sieger und Kimi Brunschwiler als zweiter. Supi Travis, wieder \u00e4n Pokal meh\u2026<\/p>\n<p>Kimi hat etwas mehr M\u00fche in seiner Kategorie aufs Podest zu fahren. Nach vorne sind die drei Jungs Elsener, Andrich und K\u00fcndig einfach noch ein bisschen zu schnell und wenn er da mitfahren will, muss er sehr viel Riskieren. Daher st\u00fcrzte er in der zweiten Runde und kam lange nicht unter dem Motorrad hervor. Leider waren die Helfer nicht so ge\u00fcbt und ein ganz schlauer versuchte das Motorrad mit der Hand zu starten. Kimi regte sich nach dem Lauf m\u00e4chtig auf wie man \u00fcberhaupt auf so einen Gedanken kommen kann. Nachdem es f\u00fcr ihn dann aber wieder weiter ging, zog er m\u00e4chtig am Kabel und konnte vom 13. Platz bis zum Schluss noch auf den guten f\u00fcnften Platz nach vorne fahren. \u00a0Im zweiten Lauf fuhr er lange an guter vierter Stelle bis ihn ein Schlag aufs Hinterrad heftig abwarf. Er tat sich am Ellenbogen und an der Hand m\u00e4chtig weh, fuhr zwar weiter aber nur noch sehr langsam da ihm die vielen Schl\u00e4ge sehr weh taten an der l\u00e4dierten Hand. Leider war es zu langsam und Joel Stierli konnte ihn noch auf dem letzten Meter in der Zielkurve abfangen. 0.5 Sekunden trennten die beiden. So war es dann \u201enur\u201c der f\u00fcnfte Platz in der Tageswertung hinter Joel Stierli der mit gleich viel Punkten aber dem besseren zweiten Lauf auf dem vierten Platz landete.<\/p>\n<p>[youtube]https:\/\/www.youtube.com\/watch?v=zo4Htf30Pb0&amp;list=UUhV2B5gdGZm1TYDMK5Rd4HA[\/youtube]<\/p>\n<p><img loading=\"lazy\" class=\"aligncenter size-medium wp-image-911\" src=\"http:\/\/k-t-m.ch\/MX\/wordpress\/wp-content\/uploads\/2014\/05\/10264979_10202570354873219_6520490195406144910_n-243x300.jpg\" alt=\"Siegerehrung Mauren\" width=\"243\" height=\"300\" srcset=\"http:\/\/k-t-m.ch\/MX\/wordpress\/wp-content\/uploads\/2014\/05\/10264979_10202570354873219_6520490195406144910_n-243x300.jpg 243w, http:\/\/k-t-m.ch\/MX\/wordpress\/wp-content\/uploads\/2014\/05\/10264979_10202570354873219_6520490195406144910_n.jpg 780w\" sizes=\"(max-width: 243px) 100vw, 243px\" \/><\/p>\n<p>&nbsp;<\/p>\n","protected":false},"excerpt":{"rendered":"<p>An diesem Weekend war das Rennen in Mauren angesagt. Roman, mein Bruder und G\u00f6tti von Kimi kam als Mechaniker da ich als Speaker angefragt wurde. Ebenfalls wollte Mason unbedingt in Mauren sein erstes Rennen fahren. Am Samstag war die Strecke noch ziemlich nass und so verschob der Veranstalter das komplette SJMCC-Programm auf den Sonntag. Wahrlich &hellip; <a href=\"http:\/\/k-t-m.ch\/MX\/wordpress\/rennbericht-mx-mauren-2\/\" class=\"more-link\"><span class=\"screen-reader-text\">Rennbericht MX Mauren<\/span> weiterlesen <span class=\"meta-nav\">&rarr;<\/span><\/a><\/p>\n","protected":false},"author":1,"featured_media":0,"comment_status":"closed","ping_status":"open","sticky":false,"template":"","format":"standard","meta":[],"categories":[10,13,16,9,18,14],"tags":[],"_links":{"self":[{"href":"http:\/\/k-t-m.ch\/MX\/wordpress\/wp-json\/wp\/v2\/posts\/910"}],"collection":[{"href":"http:\/\/k-t-m.ch\/MX\/wordpress\/wp-json\/wp\/v2\/posts"}],"about":[{"href":"http:\/\/k-t-m.ch\/MX\/wordpress\/wp-json\/wp\/v2\/types\/post"}],"author":[{"embeddable":true,"href":"http:\/\/k-t-m.ch\/MX\/wordpress\/wp-json\/wp\/v2\/users\/1"}],"replies":[{"embeddable":true,"href":"http:\/\/k-t-m.ch\/MX\/wordpress\/wp-json\/wp\/v2\/comments?post=910"}],"version-history":[{"count":2,"href":"http:\/\/k-t-m.ch\/MX\/wordpress\/wp-json\/wp\/v2\/posts\/910\/revisions"}],"predecessor-version":[{"id":913,"href":"http:\/\/k-t-m.ch\/MX\/wordpress\/wp-json\/wp\/v2\/posts\/910\/revisions\/913"}],"wp:attachment":[{"href":"http:\/\/k-t-m.ch\/MX\/wordpress\/wp-json\/wp\/v2\/media?parent=910"}],"wp:term":[{"taxonomy":"category","embeddable":true,"href":"http:\/\/k-t-m.ch\/MX\/wordpress\/wp-json\/wp\/v2\/categories?post=910"},{"taxonomy":"post_tag","embeddable":true,"href":"http:\/\/k-t-m.ch\/MX\/wordpress\/wp-json\/wp\/v2\/tags?post=910"}],"curies":[{"name":"wp","href":"https:\/\/api.w.org\/{rel}","templated":true}]}}