{"id":985,"date":"2014-05-12T17:44:26","date_gmt":"2014-05-12T17:44:26","guid":{"rendered":"http:\/\/k-t-m.ch\/MX\/wordpress\/?p=985"},"modified":"2014-05-12T17:51:21","modified_gmt":"2014-05-12T17:51:21","slug":"rennbericht-mxrs-ichertswil","status":"publish","type":"post","link":"http:\/\/k-t-m.ch\/MX\/wordpress\/rennbericht-mxrs-ichertswil\/","title":{"rendered":"Rennbericht MXRS Ichertswil"},"content":{"rendered":"<p>Wie fast jeden Freitag zog es uns Richtung Z\u00fcrich nach Ichertswil SO. Ein ganz herzliches Dankesch\u00f6n an unseren Startgeldsponnsor der <strong>ELEKTRO JUNG AG<\/strong> aus Oberb\u00fcren. In Ichertswil angekommen, konnten wir uns einen guten Platz im Fahrerlager sichern und f\u00fcr Bleikers ein Pl\u00e4tzchen reservieren. Den Abend liessen wir mit einem Glas Hugo ausklingen. Der Morgen begann f\u00fcr uns, wie gewohnt bei einem MXRS-Rennen, entspannt um 10:10. Im ersten Training kamen unsere Jungs schon recht gut mit der Piste zurecht und so beendete Travis das Zeittraining als erster und Kimi bei den 65ccm als 3! Taktik vor dem ersten Lauf war gut starten und vorne mitfahren. Umsetzung der beiden 1A: beide Holeshote und vorne geblieben= 2xLaufsieg!! F\u00fcr beide das erste Mal \u00fcberhaupt. Vor dem zweiten Lauf war die Taktik dementsprechend gleich, und siehe da, beide wieder Holeshot! W\u00e4rend Travis einen sogenannten Start-Ziel Sieg feiern konnte, musste Kimi erst Levi Chanton ziehen lassen und drei Runden sp\u00e4ter setzte Corvin Emmenegger zum \u00dcberholen an. Beim Kontern rutschte Kimi in der Zielkurve leider aus und nahm das Rennen mit etwas Abstand wieder auf. Er konnte den dritten Platz jedoch bis ins Ziel halten. Somit gab es in der Endabrechnung f\u00fcr ihn den zweiten Platz, punktgleich mit dem erstplatzierten Levi Chanton und einen Punkt vor dem dritten Corvin Emmenegger! Eine wirklich knappe Entscheidung. Nach einer st\u00fcrmischen Nacht, und mit einem ersten und zweiten Platz im R\u00fccken, nahmen wir den Sonntag in Angriff. Im Zeittraining fuhr Travis die zweitbeste und Kimi die drittbeste Zeit. Ziel f\u00fcrs Rennen war klar: Angreifen, k\u00e4mpfen, Podest. Der Start zum ersten Lauf gelang beiden wieder bestens. Holeshot! Doch es wiederholte sich der zweite Lauf vom Samstag. W\u00e4hrend Travis ein super Rennen fuhr (Start-Ziel Sieg), wurde Kimi wieder von Levi \u00fcberholt. Corvin packte seine Chance als Kimi beim Aufw\u00e4rtssprung kurz ins Stocken kam und zog vorbei. Er k\u00e4mpfte bis zum Schluss, kam aber nicht mehr an ihm vorbei. Somit wurde es wieder der dritte Rang. Der Wind (d\u00e4 Luft) nahm wider zu, so entschieden wir uns die Seitenw\u00e4nde vom Zelt wegzunehmen und die Store einzudrehen. Leider nahm nicht nur der Wind zu, sondern auch die dunkle Bew\u00f6lkung am Himmel. Wie konnte es auch anders sein, als die Jungs am Vorstart standen setzte der Regen ein. Ich holte noch schnell den Regenschirm und schon ging es los. Auf dem Weg zum Start Pisste es grad herunter, das konnte ja lustig werden. Der Start erfolgte, Kimi kam als erster den Hang hinunter dicht gefolgt von Levi. In der dritten Kurve hatten aber die ersten Jungs schon richtig m\u00fche und so gab es einen gr\u00f6sseren Stau. Kimi und Levi zogen vorne weg. Wer Kimi kennt, weiss wie sehr er diese Bedingungen liebt und so war es nicht \u00fcberraschend das er bereits in der ersten Runde das Rennen Anf\u00fchrte und dies bis zum Schluss nicht mehr her gab. In der Zwischenzeit wurden die kleinsten auch losgeschickt. Travis kam als dritter den Hang hinunter jedoch legten sich seine zwei Konkurrenten bereits in der zweiten Kurve hin. So konnte er aussen \u00fcberholen. Er fuhr super den Hang hinauf und wieder hinunter, doch auch er hatte bereits auf der Schr\u00e4gpassage seine M\u00fche und in der Kurve vor dem Ziel wurde es auch f\u00fcr ihn zu schwierig. Wieder aufgestellt und noch durchs Ziel gek\u00e4mpft aber dann ging nichts mehr. Tot traurig und unter Tr\u00e4nen sagte er: Mami das got n\u00f6d, do chan i n\u00f6d fahr\u00e4! Da in der Zwischenzeit nur noch Kimi rundum kam, er gab dem zweiten schon eine Runde, und Corvin und Levi sich abk\u00e4mpften wurde \u00fcber Abbruch diskutiert. Und so war es dann auch. Als Kimi von seiner dritten Runde zur\u00fcckkam erhielt er die rote Flagge. Chrigel Chanton stand schon beim Bus als Kimi seinen Helm abzog und sagte ihm das er super gefahren sei, aber er das Renne leider nicht werten k\u00f6nne weil die anderen nicht fahren konnten. Kimi nahm es wie ein richtiger Sportler. Macht doch nix, ist schon gut war ja lustig zum Fahren! Zwei andere V\u00e4ter waren aber mit dieser Entscheidung nicht einverstanden und so wurde im Reglement nachgesehen und siehe da, Kimi hatte 2\/3 der Zeit gefahren und so musste der Lauf doch noch gewertet werden. Somit nahm der Sonntag f\u00fcr uns ein gutes Ende. Travis Tagessieg dank Sieg im ersten Lauf, sein zweiter konnte nicht gewertet werden weil wirklich keiner mehr fahren konnte. Und Tagessieg f\u00fcr Kimi auch dieses Mal Punktgleich mit Levi aber jetzt hatte er den besseren zweiten Lauf. Komplettiert wurde das Podest von Corvin der wiederum nur einen Punkt hinter den beiden auf dem dritten Rang landete. Bravo Jungs ihr wart einfach Spitze!!!<\/p>\n<p><img loading=\"lazy\" class=\"aligncenter size-medium wp-image-987\" src=\"http:\/\/k-t-m.ch\/MX\/wordpress\/wp-content\/uploads\/2014\/05\/IMG_0575-300x225.jpg\" alt=\"IMG_0575\" width=\"300\" height=\"225\" srcset=\"http:\/\/k-t-m.ch\/MX\/wordpress\/wp-content\/uploads\/2014\/05\/IMG_0575-300x225.jpg 300w, http:\/\/k-t-m.ch\/MX\/wordpress\/wp-content\/uploads\/2014\/05\/IMG_0575-1024x768.jpg 1024w\" sizes=\"(max-width: 300px) 100vw, 300px\" \/><\/p>\n","protected":false},"excerpt":{"rendered":"<p>Wie fast jeden Freitag zog es uns Richtung Z\u00fcrich nach Ichertswil SO. Ein ganz herzliches Dankesch\u00f6n an unseren Startgeldsponnsor der ELEKTRO JUNG AG aus Oberb\u00fcren. In Ichertswil angekommen, konnten wir uns einen guten Platz im Fahrerlager sichern und f\u00fcr Bleikers ein Pl\u00e4tzchen reservieren. Den Abend liessen wir mit einem Glas Hugo ausklingen. Der Morgen begann &hellip; <a href=\"http:\/\/k-t-m.ch\/MX\/wordpress\/rennbericht-mxrs-ichertswil\/\" class=\"more-link\"><span class=\"screen-reader-text\">Rennbericht MXRS Ichertswil<\/span> weiterlesen <span class=\"meta-nav\">&rarr;<\/span><\/a><\/p>\n","protected":false},"author":1,"featured_media":0,"comment_status":"closed","ping_status":"open","sticky":false,"template":"","format":"standard","meta":[],"categories":[10,13,20,18],"tags":[],"_links":{"self":[{"href":"http:\/\/k-t-m.ch\/MX\/wordpress\/wp-json\/wp\/v2\/posts\/985"}],"collection":[{"href":"http:\/\/k-t-m.ch\/MX\/wordpress\/wp-json\/wp\/v2\/posts"}],"about":[{"href":"http:\/\/k-t-m.ch\/MX\/wordpress\/wp-json\/wp\/v2\/types\/post"}],"author":[{"embeddable":true,"href":"http:\/\/k-t-m.ch\/MX\/wordpress\/wp-json\/wp\/v2\/users\/1"}],"replies":[{"embeddable":true,"href":"http:\/\/k-t-m.ch\/MX\/wordpress\/wp-json\/wp\/v2\/comments?post=985"}],"version-history":[{"count":3,"href":"http:\/\/k-t-m.ch\/MX\/wordpress\/wp-json\/wp\/v2\/posts\/985\/revisions"}],"predecessor-version":[{"id":989,"href":"http:\/\/k-t-m.ch\/MX\/wordpress\/wp-json\/wp\/v2\/posts\/985\/revisions\/989"}],"wp:attachment":[{"href":"http:\/\/k-t-m.ch\/MX\/wordpress\/wp-json\/wp\/v2\/media?parent=985"}],"wp:term":[{"taxonomy":"category","embeddable":true,"href":"http:\/\/k-t-m.ch\/MX\/wordpress\/wp-json\/wp\/v2\/categories?post=985"},{"taxonomy":"post_tag","embeddable":true,"href":"http:\/\/k-t-m.ch\/MX\/wordpress\/wp-json\/wp\/v2\/tags?post=985"}],"curies":[{"name":"wp","href":"https:\/\/api.w.org\/{rel}","templated":true}]}}