{"id":996,"date":"2014-05-26T17:34:00","date_gmt":"2014-05-26T17:34:00","guid":{"rendered":"http:\/\/k-t-m.ch\/MX\/wordpress\/?p=996"},"modified":"2014-05-26T17:34:00","modified_gmt":"2014-05-26T17:34:00","slug":"rennbericht-mxrs-balm","status":"publish","type":"post","link":"http:\/\/k-t-m.ch\/MX\/wordpress\/rennbericht-mxrs-balm\/","title":{"rendered":"Rennbericht MXRS Balm"},"content":{"rendered":"<p>Nocheinmal bekamen unsere Jungs die grossz\u00fcgige Unterst\u00fctzung von unserem Startgeldsponnsor der <strong>ELEKTRO JUNG AG<\/strong> aus Oberb\u00fcren. Ein ganz herzliches Dankesch\u00f6n daf\u00fcr!!<\/p>\n<p>An diesem Wochenende war Organisation bei uns grossgeschrieben. Da alle drei Jungs von Mittwoch bis Samstag Schulauff\u00fchrung hatten dachten wir, dass wir am Sonntag schnell auf Balm SO gehen. Doch am Dienstag sagte uns Kimi, dass er am Samstagabend keinen Einsatz mehr hat und so wurde neu \u00fcberlegt und entschieden, dass Marco und Kimi am Freitagabend nach seinem Einsatz losfahren, um am Samstag schon das Rennen zu bestreiten. Damit aber auch unser Podest Fahrer Travis an den Start gehen konnte, fuhren wir am Sonntagmorgen mit dem PW nach. Und Mason durfte beim Grossmami in Zuzwil bleiben.<\/p>\n<p>Gem\u00fctlich ging es los da es am Morgen noch kurz regnete wurde alles etw\u00e4s sp\u00e4ter. Die Strecke ist bei Regen nicht fahrbar. Schade f\u00fcr die ersten nach der kurzen Bew\u00e4sserung aber bis wir dran waren, wurden die Bikes schon nicht mehr dreckig. Die Spr\u00fcnge waren\u00a0im Training alles sehr scharf gestellt. Die Jungs waren ziemlich beeindruckt und der noch klebrige Boden machten die Strecke nicht einfach. F\u00fcr Kimi lief es mit dem dritten Platz nicht schlecht. Bei den L\u00e4ufen jedoch wurde es jeweils ein dritter und ein vierter Platz und somit auch kein Pokal am Abend. Der Eindruck vom Training war zu tief verankert. Der Streckenbauer nahm sich am Abend die vier schnellen Jungs dann auch zur Brust und redete ihnen gut zu und gab ihnen Mut, die Spr\u00fcnge zu probieren, sie k\u00f6nnen das. Am Abend war dann schnell Feierabend. Eine kalte Biese fegte \u00fcbers Gel\u00e4nde und wir verkrochen uns im Bus.<\/p>\n<p>Sonntagmorgen auf der Autobahn, ein Traum!! So fanden wir ohne Probleme, Verkehr und Stress den Weg an die Rennstrecke. Wir wurden freudig empfangen und nach einer kleinen Streckung hiess es anziehen und ab ins Training. Travis kam schnell mit der doch ziemlich anspruchsvollen Strecke zurecht und wurde im Training zweiter hinter Leandro Jost. Kimi hatte Probleme mit dem Gasgriff und nahm das Training mit einer Runde Versp\u00e4tung auch noch in Angriff. Ihm gelang keine wirklich gute Runde und so wurde er 5. In der Mittagspause kam dann der Traktor auf die\u00a0Piste und riss den Boden auf. <img loading=\"lazy\" class=\"aligncenter wp-image-999 size-medium\" src=\"http:\/\/k-t-m.ch\/MX\/wordpress\/wp-content\/uploads\/2014\/05\/Foto-1-300x225.jpg\" alt=\"Foto 1\" width=\"300\" height=\"225\" srcset=\"http:\/\/k-t-m.ch\/MX\/wordpress\/wp-content\/uploads\/2014\/05\/Foto-1-300x225.jpg 300w, http:\/\/k-t-m.ch\/MX\/wordpress\/wp-content\/uploads\/2014\/05\/Foto-1.jpg 640w\" sizes=\"(max-width: 300px) 100vw, 300px\" \/>Was im ersten Moment die einten etwas erblassen lies. Doch als dann die Bagger anr\u00fcckten und alles wieder planierten, waren alle wieder zufrieden. So konnten wir Dominique Aegerter (MotoGP Pilot) bei seinem ersten Lauf bestaunen, wie schnell er immer noch auf Dr\u00e4ck unterwegs ist. Im Anschluss waren unsere dran. Nach einem super Start von beiden, Kimi zweiter und Travis mitten unter den Grossen. Das fing schon mal gut an. Kimi konnte den Speed leider nicht ganz mitgehen und so wurde er noch etwas nach hinten gereicht auf den vierten Schlussrang. Besser erging es Travis. Nach seinem Super Start, konnte er sich zwei 65er anh\u00e4ngen und kam im fight mit ihnen auf den oberen Teil der Piste. Das Trainingslager hat scheinbar wirklich etwas bewirkt. Er sitzt in der Kurve vorne, gibt Gas und Bremst in eine Kurve und Rollt nicht nur rundum. <img loading=\"lazy\" class=\"aligncenter size-medium wp-image-1002\" src=\"http:\/\/k-t-m.ch\/MX\/wordpress\/wp-content\/uploads\/2014\/05\/Foto-e1401125216799-225x300.jpg\" alt=\"Foto\" width=\"225\" height=\"300\" srcset=\"http:\/\/k-t-m.ch\/MX\/wordpress\/wp-content\/uploads\/2014\/05\/Foto-e1401125216799-225x300.jpg 225w, http:\/\/k-t-m.ch\/MX\/wordpress\/wp-content\/uploads\/2014\/05\/Foto-e1401125216799.jpg 480w\" sizes=\"(max-width: 225px) 100vw, 225px\" \/>Auch Abw\u00e4rts gab er Gas, und so war es nicht \u00fcberraschend, dass er bereits nach kurzer Zeit einen grossen Abstand zwischen sich und seine beiden Gegner herausfahren konnte. Somit konnte ihn nicht einmal mehr eine kurze Bodenprobe an seinem Laufsieg hindern. Gute zweistunden Sp\u00e4ter war der Start des Zweiten Laufs. Marco hat Kimi nochmals gesagt, dass er nach dem Start mit den anderen mitfahren kann, denn er sei ja genau gleichschnell. Und siehe da der Startbalken fiel, Kimi kam erneut gut weg und fuhr Luca, Luan und Levi das komplette Rennen nach. Als es auf die letzte Runde ging, fingen meine Rechenk\u00fcnste an und ich war mir ziemlich sicher, wenn sie in dieser Reihenfolge ins Ziel fahren, hat Kimi den dritten Tagesrang auf sicher. Und so war es dann auch. Er war zwar Punktegleich mit Corvin aber hatte dieses Mal den besseren zweiten Lauf. Am Samstag war es noch genau umgekehrt. Bei Travis war es wieder wie im ersten Lauf, nur das der Start nicht mehr ganz so gut war. Daf\u00fcr nahm er keine Bodenprobe mehr und so wurde er erneut erster mit einem beachtlichen Vorsprung. Da beide Jungs aufs Podest kamen und bis zur Siegerehrung warten durften, fuhr ich alleine wieder nach Hause.\u00a0<img loading=\"lazy\" class=\"aligncenter wp-image-1006 size-full\" src=\"http:\/\/k-t-m.ch\/MX\/wordpress\/wp-content\/uploads\/2014\/05\/10343514_711093362284829_6877820294192161091_n.jpg\" alt=\"10343514_711093362284829_6877820294192161091_n\" width=\"720\" height=\"960\" srcset=\"http:\/\/k-t-m.ch\/MX\/wordpress\/wp-content\/uploads\/2014\/05\/10343514_711093362284829_6877820294192161091_n.jpg 720w, http:\/\/k-t-m.ch\/MX\/wordpress\/wp-content\/uploads\/2014\/05\/10343514_711093362284829_6877820294192161091_n-225x300.jpg 225w\" sizes=\"(max-width: 720px) 100vw, 720px\" \/><\/p>\n","protected":false},"excerpt":{"rendered":"<p>Nocheinmal bekamen unsere Jungs die grossz\u00fcgige Unterst\u00fctzung von unserem Startgeldsponnsor der ELEKTRO JUNG AG aus Oberb\u00fcren. Ein ganz herzliches Dankesch\u00f6n daf\u00fcr!! An diesem Wochenende war Organisation bei uns grossgeschrieben. Da alle drei Jungs von Mittwoch bis Samstag Schulauff\u00fchrung hatten dachten wir, dass wir am Sonntag schnell auf Balm SO gehen. Doch am Dienstag sagte uns &hellip; <a href=\"http:\/\/k-t-m.ch\/MX\/wordpress\/rennbericht-mxrs-balm\/\" class=\"more-link\"><span class=\"screen-reader-text\">Rennbericht MXRS Balm<\/span> weiterlesen <span class=\"meta-nav\">&rarr;<\/span><\/a><\/p>\n","protected":false},"author":1,"featured_media":0,"comment_status":"closed","ping_status":"open","sticky":false,"template":"","format":"standard","meta":[],"categories":[10,13,20,18],"tags":[],"_links":{"self":[{"href":"http:\/\/k-t-m.ch\/MX\/wordpress\/wp-json\/wp\/v2\/posts\/996"}],"collection":[{"href":"http:\/\/k-t-m.ch\/MX\/wordpress\/wp-json\/wp\/v2\/posts"}],"about":[{"href":"http:\/\/k-t-m.ch\/MX\/wordpress\/wp-json\/wp\/v2\/types\/post"}],"author":[{"embeddable":true,"href":"http:\/\/k-t-m.ch\/MX\/wordpress\/wp-json\/wp\/v2\/users\/1"}],"replies":[{"embeddable":true,"href":"http:\/\/k-t-m.ch\/MX\/wordpress\/wp-json\/wp\/v2\/comments?post=996"}],"version-history":[{"count":1,"href":"http:\/\/k-t-m.ch\/MX\/wordpress\/wp-json\/wp\/v2\/posts\/996\/revisions"}],"predecessor-version":[{"id":1008,"href":"http:\/\/k-t-m.ch\/MX\/wordpress\/wp-json\/wp\/v2\/posts\/996\/revisions\/1008"}],"wp:attachment":[{"href":"http:\/\/k-t-m.ch\/MX\/wordpress\/wp-json\/wp\/v2\/media?parent=996"}],"wp:term":[{"taxonomy":"category","embeddable":true,"href":"http:\/\/k-t-m.ch\/MX\/wordpress\/wp-json\/wp\/v2\/categories?post=996"},{"taxonomy":"post_tag","embeddable":true,"href":"http:\/\/k-t-m.ch\/MX\/wordpress\/wp-json\/wp\/v2\/tags?post=996"}],"curies":[{"name":"wp","href":"https:\/\/api.w.org\/{rel}","templated":true}]}}